{"id":2308,"date":"2020-07-31T23:41:58","date_gmt":"2020-07-31T23:41:58","guid":{"rendered":"https:\/\/www.e-cv.pt\/?p=2308"},"modified":"2020-12-08T18:53:16","modified_gmt":"2020-12-08T18:53:16","slug":"eficacia-da-lideranca-nas-empresas","status":"publish","type":"post","link":"https:\/\/www.e-cv.pt\/en\/2020\/07\/31\/eficacia-da-lideranca-nas-empresas\/","title":{"rendered":"Efic\u00e1cia da Lideran\u00e7a nas Empresas"},"content":{"rendered":"<hr class=\"wp-block-separator\"\/>\n\n\n\n<p>Resultados financeiros e prest\u00edgio empresarial; bons sal\u00e1rios e boas condi\u00e7\u00f5es de trabalho, que fazem a diferen\u00e7a positiva na produtividade e no atingir os objectivos, n\u00e3o acontecem se n\u00e3o existirem boas <a rel=\"noreferrer noopener\" aria-label=\"lideran\u00e7as (abre num novo separador)\" href=\"https:\/\/www.e-cv.pt\/en\/lideranca\/\" target=\"_blank\">lideran\u00e7as<\/a>, determinantes no sucesso das <a href=\"https:\/\/www.e-cv.pt\/en\/equipa\/\" target=\"_blank\" rel=\"noreferrer noopener\" aria-label=\"equipas (abre num novo separador)\">equipas<\/a> e dos resultados finais.<\/p>\n\n\n\n<p>O sucesso ou insucesso de uma organiza\u00e7\u00e3o depende da sua lideran\u00e7a (processo comportamental para influenciar indiv\u00edduos e grupos, tendo em vista objetivos estabelecidos; Barrow, 1977), porquanto esta influencia a cultura da pr\u00f3pria organiza\u00e7\u00e3o.<\/p>\n\n\n\n<p>As organiza\u00e7\u00f5es de maior sucesso t\u00eam uma lideran\u00e7a de excel\u00eancia orientada pelos resultados, s\u00e3o estruturadas em boas pr\u00e1ticas e est\u00e3o associadas a uma mentalidade ganhadora que alia vis\u00e3o com capacidade de agir.<\/p>\n\n\n\n<p><strong>N\u00e3o h\u00e1 ningu\u00e9m t\u00e3o l\u00edder que n\u00e3o possa ser mais e melhor l\u00edder<\/strong><\/p>\n\n\n\n<p>Os l\u00edderes sabem que precisam de aprender em perman\u00eancia para liderarem com efic\u00e1cia, sabem que a lideran\u00e7a \u00e9 uma compet\u00eancia trein\u00e1vel e control\u00e1vel!<\/p>\n\n\n\n<p>Na ECV, contribu\u00edmos para a <a rel=\"noreferrer noopener\" aria-label=\"forma\u00e7\u00e3o (abre num novo separador)\" href=\"https:\/\/www.e-cv.pt\/en\/atividades\/\" target=\"_blank\">forma\u00e7\u00e3o<\/a> a partir da realidade concreta de cada formando, trabalhando com ferramentas produzidas no \u00e2mbito de um j\u00e1 longo processo de investiga\u00e7\u00e3o acad\u00e9mico, tendo por base o <a href=\"https:\/\/www.e-cv.pt\/en\/2020\/06\/18\/a-lideranca-e-muito-mais-do-que-um-so-lider\/\" target=\"_blank\" rel=\"noreferrer noopener\" aria-label=\"Modelo da Efic\u00e1cia da Lideran\u00e7a (Gomes, 2018) (abre num novo separador)\">Modelo da Efic\u00e1cia da Lideran\u00e7a (Gomes, 2018)<\/a>.<\/p>\n\n\n\n<figure class=\"wp-block-image\"><img loading=\"lazy\" decoding=\"async\" width=\"300\" height=\"298\" src=\"https:\/\/www.e-cv.pt\/wp-content\/uploads\/2020\/03\/prolider2-300x298.png\" alt=\"\" class=\"wp-image-1913\" srcset=\"https:\/\/www.e-cv.pt\/wp-content\/uploads\/2020\/03\/prolider2-300x298.png 300w, https:\/\/www.e-cv.pt\/wp-content\/uploads\/2020\/03\/prolider2-150x150.png 150w, https:\/\/www.e-cv.pt\/wp-content\/uploads\/2020\/03\/prolider2-100x100.png 100w, https:\/\/www.e-cv.pt\/wp-content\/uploads\/2020\/03\/prolider2.png 512w\" sizes=\"auto, (max-width: 300px) 100vw, 300px\" \/><\/figure>\n\n\n\n<p>Na ECV, cada participante, co-autor do seu processo de aprendizagem, \u00e9 convidado a implementar estrat\u00e9gias de lideran\u00e7a (designados por Plano MUDAR), com o objetivo de ajudar a pensar e a sistematizar as suas a\u00e7\u00f5es em contextos reais do exerc\u00edcio de lideran\u00e7a.<\/p>\n\n\n\n<p><strong>A lideran\u00e7a como compet\u00eancia relacional<\/strong><\/p>\n\n\n\n<p>A lideran\u00e7a concretiza-se na rela\u00e7\u00e3o do dia-a-dia da do l\u00edder com os membros da equipa e na a\u00e7\u00e3o percebida pelos outros, sendo condicionada por diferentes fatores ou caracter\u00edsticas situacionais, pessoais do l\u00edder e dos membros da equipa. Neste sentido, a lideran\u00e7a ser\u00e1 tanto mais eficaz quanto mais o l\u00edder conseguir fazer uma boa rela\u00e7\u00e3o entre as suas ideias, comportamentos e indicadores de monitoriza\u00e7\u00e3o da lideran\u00e7a, tendo, depois, o cuidado de ajustar o seu plano de lideran\u00e7a \u00e0s caracter\u00edsticas dos seus colaboradores e da situa\u00e7\u00e3o em que se encontra.<\/p>\n\n\n\n<p><strong>Estilos de lideran\u00e7a<\/strong><\/p>\n\n\n\n<p>Um estilo de lideran\u00e7a, enquanto ferramenta, n\u00e3o \u00e9 o estilo de uma pessoa, mas comportamentos aplic\u00e1veis em fun\u00e7\u00e3o de um contexto e da maturidade t\u00e9cnica e humana da equipa e de cada um dos seus membros.<\/p>\n\n\n\n<figure class=\"wp-block-image is-resized\"><img loading=\"lazy\" decoding=\"async\" src=\"https:\/\/www.e-cv.pt\/wp-content\/uploads\/2020\/03\/decorrer-1024x247.jpg\" alt=\"\" class=\"wp-image-1843\" width=\"512\" height=\"124\" srcset=\"https:\/\/www.e-cv.pt\/wp-content\/uploads\/2020\/03\/decorrer-1024x247.jpg 1024w, https:\/\/www.e-cv.pt\/wp-content\/uploads\/2020\/03\/decorrer-300x72.jpg 300w, https:\/\/www.e-cv.pt\/wp-content\/uploads\/2020\/03\/decorrer-768x185.jpg 768w, https:\/\/www.e-cv.pt\/wp-content\/uploads\/2020\/03\/decorrer-600x145.jpg 600w\" sizes=\"auto, (max-width: 512px) 100vw, 512px\" \/><\/figure>\n\n\n\n<p>O Modelo da Efic\u00e1cia da Lideran\u00e7a e o Programa de Treino Pro\u25cfL\u00edder preconizam tr\u00eas dom\u00ednios de lideran\u00e7a, cada um dos quais com os seus <a href=\"https:\/\/www.e-cv.pt\/en\/2020\/07\/17\/como-promover-a-lideranca-e-a-eficacia-das-equipas-na-saude\/\" target=\"_blank\" rel=\"noreferrer noopener\" aria-label=\"estilos de lideran\u00e7a (abre num novo separador)\">estilos de lideran\u00e7a<\/a>:<\/p>\n\n\n\n<ol class=\"wp-block-list\"><li><strong>Transformacional<\/strong>: vis\u00e3o, inspira\u00e7\u00e3o, instru\u00e7\u00e3o, respeito e apoio.<\/li><li><strong>Transacional<\/strong>: feedback positivo e feedback negativo.<\/li><li><strong>Tomada de decis\u00e3o:&nbsp;<\/strong>gest\u00e3o ativa (centralizada e descentralizada) e gest\u00e3o passiva.<\/li><\/ol>\n\n\n\n<p>Os mesmos estilos de lideran\u00e7a produzem efeitos distintos em fun\u00e7\u00e3o da situa\u00e7\u00e3o\/contexto onde os envolvidos se encontram, das caracter\u00edsticas do l\u00edder e dos membros da equipa, uma vez que estes fatores influenciam o processo de lideran\u00e7a. De um modo geral, a lideran\u00e7a transformacional tende a produzir melhores efeitos do que a lideran\u00e7a transacional, principalmente se for assumida sob a forma de gest\u00e3o ativa descentralizada.&nbsp;<\/p>\n\n\n\n<p><strong>Para refletir<\/strong><\/p>\n\n\n\n<p>A lideran\u00e7a ser\u00e1 tanto mais eficaz quanto maior for a congru\u00eancia entre as ideias do l\u00edder e o <a href=\"https:\/\/www.e-cv.pt\/en\/2020\/07\/07\/uma-filosofia-de-treino-como-implementa-la-com-eficacia\/\" target=\"_blank\" rel=\"noreferrer noopener\" aria-label=\"modo como exerce a lideran\u00e7a (abre num novo separador)\">modo como exerce a lideran\u00e7a<\/a>.<\/p>\n\n\n\n<p><strong>Como proposta para a sua evolu\u00e7\u00e3o e da sua empresa<\/strong><\/p>\n\n\n\n<figure class=\"wp-block-image\"><img loading=\"lazy\" decoding=\"async\" width=\"300\" height=\"164\" src=\"https:\/\/www.e-cv.pt\/wp-content\/uploads\/2020\/06\/pro-lider_PT-300x164.png\" alt=\"\" class=\"wp-image-2202\" srcset=\"https:\/\/www.e-cv.pt\/wp-content\/uploads\/2020\/06\/pro-lider_PT-300x164.png 300w, https:\/\/www.e-cv.pt\/wp-content\/uploads\/2020\/06\/pro-lider_PT-768x420.png 768w, https:\/\/www.e-cv.pt\/wp-content\/uploads\/2020\/06\/pro-lider_PT-1024x559.png 1024w, https:\/\/www.e-cv.pt\/wp-content\/uploads\/2020\/06\/pro-lider_PT-600x328.png 600w, https:\/\/www.e-cv.pt\/wp-content\/uploads\/2020\/06\/pro-lider_PT.png 1684w\" sizes=\"auto, (max-width: 300px) 100vw, 300px\" \/><\/figure>\n\n\n\n<p><a rel=\"noreferrer noopener\" aria-label=\"Estamos ao seu dispor (abre num novo separador)\" href=\"https:\/\/www.e-cv.pt\/en\/contact\/\" target=\"_blank\">Estamos ao seu dispor<\/a> nas <a href=\"https:\/\/www.e-cv.pt\/en\/servicos\/\" target=\"_blank\" rel=\"noreferrer noopener\" aria-label=\"forma\u00e7\u00f5es e na consultadoria (abre num novo separador)\">forma\u00e7\u00f5es e na consultadoria<\/a> que disponibilizamos.<\/p>\n\n\n\n<hr class=\"wp-block-separator\"\/>\n\n\n\n<div class=\"wp-block-image\"><figure class=\"alignleft\"><img decoding=\"async\" src=\"https:\/\/www.e-cv.pt\/wp-content\/uploads\/2020\/07\/nuno-150x150.jpg\" alt=\"\" class=\"wp-image-2310\"\/><figcaption>Autoria<br>Nuno Pires<\/figcaption><\/figure><\/div>","protected":false},"excerpt":{"rendered":"<p>As organiza\u00e7\u00f5es de maior sucesso t\u00eam uma lideran\u00e7a de excel\u00eancia orientada pelos resultados, s\u00e3o estruturadas em boas pr\u00e1ticas e est\u00e3o associadas a uma mentalidade ganhadora que alia vis\u00e3o com capacidade de agir.<\/p>","protected":false},"author":2,"featured_media":2288,"comment_status":"open","ping_status":"open","sticky":false,"template":"","format":"standard","meta":{"_monsterinsights_skip_tracking":false,"_monsterinsights_sitenote_active":false,"_monsterinsights_sitenote_note":"","_monsterinsights_sitenote_category":0,"_uf_show_specific_survey":0,"_uf_disable_surveys":false,"footnotes":""},"categories":[52,53,31,32,54,33],"tags":[68,55,67,66],"class_list":["post-2308","post","type-post","status-publish","format-standard","has-post-thumbnail","hentry","category-academia","category-blog","category-ecv","category-lideranca","category-modelo-lideranca","category-workshops","tag-empresarial","tag-lideranca","tag-modelo","tag-prolider"],"_links":{"self":[{"href":"https:\/\/www.e-cv.pt\/en\/wp-json\/wp\/v2\/posts\/2308","targetHints":{"allow":["GET"]}}],"collection":[{"href":"https:\/\/www.e-cv.pt\/en\/wp-json\/wp\/v2\/posts"}],"about":[{"href":"https:\/\/www.e-cv.pt\/en\/wp-json\/wp\/v2\/types\/post"}],"author":[{"embeddable":true,"href":"https:\/\/www.e-cv.pt\/en\/wp-json\/wp\/v2\/users\/2"}],"replies":[{"embeddable":true,"href":"https:\/\/www.e-cv.pt\/en\/wp-json\/wp\/v2\/comments?post=2308"}],"version-history":[{"count":2,"href":"https:\/\/www.e-cv.pt\/en\/wp-json\/wp\/v2\/posts\/2308\/revisions"}],"predecessor-version":[{"id":2493,"href":"https:\/\/www.e-cv.pt\/en\/wp-json\/wp\/v2\/posts\/2308\/revisions\/2493"}],"wp:featuredmedia":[{"embeddable":true,"href":"https:\/\/www.e-cv.pt\/en\/wp-json\/wp\/v2\/media\/2288"}],"wp:attachment":[{"href":"https:\/\/www.e-cv.pt\/en\/wp-json\/wp\/v2\/media?parent=2308"}],"wp:term":[{"taxonomy":"category","embeddable":true,"href":"https:\/\/www.e-cv.pt\/en\/wp-json\/wp\/v2\/categories?post=2308"},{"taxonomy":"post_tag","embeddable":true,"href":"https:\/\/www.e-cv.pt\/en\/wp-json\/wp\/v2\/tags?post=2308"}],"curies":[{"name":"wp","href":"https:\/\/api.w.org\/{rel}","templated":true}]}}