{"id":2314,"date":"2020-08-14T09:00:02","date_gmt":"2020-08-14T09:00:02","guid":{"rendered":"https:\/\/www.e-cv.pt\/?p=2314"},"modified":"2020-12-08T18:52:43","modified_gmt":"2020-12-08T18:52:43","slug":"quais-as-caracteristicas-de-um-bom-plano-de-acao","status":"publish","type":"post","link":"https:\/\/www.e-cv.pt\/en\/2020\/08\/14\/quais-as-caracteristicas-de-um-bom-plano-de-acao\/","title":{"rendered":"Quais as Caracter\u00edsticas de um Bom Plano de A\u00e7\u00e3o?"},"content":{"rendered":"<p><strong>Para um l\u00edder, ter boas ideias \u00e9 fundamental, mas ser\u00e1 suficiente?<\/strong><\/p>\n\n\n\n<p>N\u00e3o! O Modelo da Efic\u00e1cia da Lideran\u00e7a (Gomes, 2018) atribui a efic\u00e1cia da lideran\u00e7a \u00e0&nbsp;congru\u00eancia entre a&nbsp;ideia (a filosofia de lideran\u00e7a) e o&nbsp;plano de a\u00e7\u00e3o (a pr\u00e1tica de lideran\u00e7a). Ou seja, para que uma boa ideia se concretize tamb\u00e9m \u00e9 necess\u00e1rio um bom plano de a\u00e7\u00e3o.<\/p>\n\n\n\n<p><strong>Mas o que \u00e9 um bom plano de a\u00e7\u00e3o? Quais s\u00e3o as suas caracter\u00edsticas?<\/strong><\/p>\n\n\n\n<p>Em termos gerais, um bom plano de a\u00e7\u00e3o \u00e9&nbsp;concreto,&nbsp;observ\u00e1vel,&nbsp;operacionaliza os princ\u00edpios e filosofia de lideran\u00e7a, e procura o&nbsp;bem coletivo da equipa. Ele tem de ser pensado no sentido de adotar diferentes&nbsp;comportamentos&nbsp;de lideran\u00e7a para cada uma das suas fases\/etapas, de forma a ser enquadrado naquilo a que chamamos de \u201c<strong>Perfil \u00d3timo de Lideran\u00e7a<\/strong>\u201d \u2013 o que estimula nos membros das equipas o seu comprometimento, vontade de progredir, vontade de dar o seu contributo pessoal, o seu esfor\u00e7o e a identifica\u00e7\u00e3o com a ideia, com o plano, e com o l\u00edder.<\/p>\n\n\n\n<figure class=\"wp-block-image\"><img loading=\"lazy\" decoding=\"async\" width=\"1024\" height=\"243\" src=\"https:\/\/www.e-cv.pt\/wp-content\/uploads\/2019\/06\/team_1-e1561397180938-1024x243.jpeg\" alt=\"\" class=\"wp-image-962\" srcset=\"https:\/\/www.e-cv.pt\/wp-content\/uploads\/2019\/06\/team_1-e1561397180938-1024x243.jpeg 1024w, https:\/\/www.e-cv.pt\/wp-content\/uploads\/2019\/06\/team_1-e1561397180938-300x71.jpeg 300w, https:\/\/www.e-cv.pt\/wp-content\/uploads\/2019\/06\/team_1-e1561397180938-768x182.jpeg 768w, https:\/\/www.e-cv.pt\/wp-content\/uploads\/2019\/06\/team_1-e1561397180938-600x142.jpeg 600w\" sizes=\"auto, (max-width: 1024px) 100vw, 1024px\" \/><\/figure>\n\n\n\n<p>Para operacionalizar tudo isto, o l\u00edder tem de fazer uso dos&nbsp;comportamentos de lideran\u00e7a ao seu dispor, aplicando-os criteriosamente para conseguir os efeitos desejados:<\/p>\n\n\n\n<p><strong>Vis\u00e3o<\/strong>: pretende transmitir as ideias do l\u00edder \u00e0 equipa.<\/p>\n\n\n\n<p><strong>Gest\u00e3o ativa<\/strong>: visa estimular o envolvimento dos membros da equipa na tomada de decis\u00e3o gerando comprometimento &#8211; pode assumir uma relev\u00e2ncia equivalente \u00e0 da ideia em si.<\/p>\n\n\n\n<p><strong>Instru\u00e7\u00e3o:&nbsp;<\/strong>se o intuito \u00e9 fazer com que a equipa progrida, ser\u00e1 necess\u00e1rio fornecer indica\u00e7\u00f5es sobre como corrigir e\/ou melhorar as capacidades de trabalho.<\/p>\n\n\n\n<p><strong>Individualiza\u00e7\u00e3o<\/strong>: os membros da equipa n\u00e3o s\u00e3o todos iguais e saber ajustar o comportamento em fun\u00e7\u00e3o das caracter\u00edsticas, expectativas e necessidades de cada elemento da equipa \u00e9 fundamental. Desta forma cada elemento ter\u00e1 bem presente o contributo \u00fanico que d\u00e1 \u00e0 equipa e como foi importante no processo.<\/p>\n\n\n\n<p><strong>Apoio<\/strong>: para que os elementos da equipa se identifiquem com o l\u00edder, aumentando a confian\u00e7a e a sinergia entre eles, \u00e9 necess\u00e1rio que o l\u00edder estabele\u00e7a rela\u00e7\u00f5es pr\u00f3ximas com os membros da equipa.<\/p>\n\n\n\n<p><strong>Inspira\u00e7\u00e3o<\/strong>: todas as equipas t\u00eam altos e baixos, mas se um l\u00edder pretende promover o desejo de sucesso e esfor\u00e7o cont\u00ednuo na equipa, ter\u00e1 de a inspirar.<\/p>\n\n\n\n<p><strong>Feedback positivo<\/strong>: se o l\u00edder deseja que a equipa mantenha o n\u00edvel de esfor\u00e7o cont\u00ednuo, o refor\u00e7o e reconhecimento pelo bom rendimento dos membros da equipa \u00e9 fundamental.<\/p>\n\n\n\n<p><strong>Feedback negativo<\/strong>: se, por outro lado, o l\u00edder deseja modificar comportamentos inadequados, o feedback negativo pode ser uma op\u00e7\u00e3o. No entanto, este comportamento deve ser utilizado com muita modera\u00e7\u00e3o.<\/p>\n\n\n\n<figure class=\"wp-block-image\"><img loading=\"lazy\" decoding=\"async\" width=\"200\" height=\"300\" src=\"https:\/\/www.e-cv.pt\/wp-content\/uploads\/2020\/08\/pexels-fauxels-3184423-200x300.jpg\" alt=\"\" class=\"wp-image-2316\" srcset=\"https:\/\/www.e-cv.pt\/wp-content\/uploads\/2020\/08\/pexels-fauxels-3184423-200x300.jpg 200w, https:\/\/www.e-cv.pt\/wp-content\/uploads\/2020\/08\/pexels-fauxels-3184423-768x1151.jpg 768w, https:\/\/www.e-cv.pt\/wp-content\/uploads\/2020\/08\/pexels-fauxels-3184423-683x1024.jpg 683w, https:\/\/www.e-cv.pt\/wp-content\/uploads\/2020\/08\/pexels-fauxels-3184423-600x899.jpg 600w\" sizes=\"auto, (max-width: 200px) 100vw, 200px\" \/><\/figure>\n\n\n\n<p>O modelo da efic\u00e1cia da lideran\u00e7a prop\u00f5e que a maior efic\u00e1cia de lideran\u00e7a \u00e9 alcan\u00e7ada quando os l\u00edderes assumem estes comportamentos com regularidade, \u00e0 exce\u00e7\u00e3o do feedback negativo que deve ser utilizado com muita parcim\u00f3nia.<\/p>\n\n\n\n<p>Gostaram deste artigo? Gostariam de saber mais? Como alcan\u00e7ar um perfil \u00f3timo de lideran\u00e7a? N\u00e3o percam o nosso&nbsp;<a href=\"https:\/\/www.e-cv.pt\/en\/lideranca\/\">programa de promo\u00e7\u00e3o da Efic\u00e1cia da Lideran\u00e7a (Pro\u25cfLider)<\/a>.<\/p>\n\n\n\n<hr class=\"wp-block-separator\"\/>\n\n\n<div\n\t\t\t\n\t\t\tclass=\"so-widget-sow-editor so-widget-sow-editor-base\"\n\t\t\t\n\t\t>\n<div class=\"siteorigin-widget-tinymce textwidget\">\n\t<p><img loading=\"lazy\" decoding=\"async\" class=\"wp-image-689 alignleft\" src=\"https:\/\/www.e-cv.pt\/wp-content\/uploads\/2019\/06\/aderitoseixas.png\" alt=\"\" width=\"111\" height=\"96\" \/><img loading=\"lazy\" decoding=\"async\" class=\"wp-image-692 alignleft\" src=\"https:\/\/www.e-cv.pt\/wp-content\/uploads\/2019\/06\/clarasimoes.png\" alt=\"\" width=\"111\" height=\"96\" \/><\/p>\n<p>\u00a0<\/p>\n<p>\u00a0<\/p>\n<p>Autoria<br \/>Ad\u00e9rito Seixas<br \/>Clara Sim\u00e3es<\/p>\n<\/div>\n<\/div>","protected":false},"excerpt":{"rendered":"<p>Para um l\u00edder, ter boas ideias \u00e9 fundamental, mas ser\u00e1 suficiente? N\u00e3o! O Modelo da Efic\u00e1cia da Lideran\u00e7a (Gomes, 2018) [&hellip;]<\/p>","protected":false},"author":2,"featured_media":2315,"comment_status":"open","ping_status":"open","sticky":false,"template":"","format":"standard","meta":{"_monsterinsights_skip_tracking":false,"_monsterinsights_sitenote_active":false,"_monsterinsights_sitenote_note":"","_monsterinsights_sitenote_category":0,"_uf_show_specific_survey":0,"_uf_disable_surveys":false,"footnotes":""},"categories":[53,31,32,54],"tags":[55,69],"class_list":["post-2314","post","type-post","status-publish","format-standard","has-post-thumbnail","hentry","category-blog","category-ecv","category-lideranca","category-modelo-lideranca","tag-lideranca","tag-plano"],"_links":{"self":[{"href":"https:\/\/www.e-cv.pt\/en\/wp-json\/wp\/v2\/posts\/2314","targetHints":{"allow":["GET"]}}],"collection":[{"href":"https:\/\/www.e-cv.pt\/en\/wp-json\/wp\/v2\/posts"}],"about":[{"href":"https:\/\/www.e-cv.pt\/en\/wp-json\/wp\/v2\/types\/post"}],"author":[{"embeddable":true,"href":"https:\/\/www.e-cv.pt\/en\/wp-json\/wp\/v2\/users\/2"}],"replies":[{"embeddable":true,"href":"https:\/\/www.e-cv.pt\/en\/wp-json\/wp\/v2\/comments?post=2314"}],"version-history":[{"count":5,"href":"https:\/\/www.e-cv.pt\/en\/wp-json\/wp\/v2\/posts\/2314\/revisions"}],"predecessor-version":[{"id":2585,"href":"https:\/\/www.e-cv.pt\/en\/wp-json\/wp\/v2\/posts\/2314\/revisions\/2585"}],"wp:featuredmedia":[{"embeddable":true,"href":"https:\/\/www.e-cv.pt\/en\/wp-json\/wp\/v2\/media\/2315"}],"wp:attachment":[{"href":"https:\/\/www.e-cv.pt\/en\/wp-json\/wp\/v2\/media?parent=2314"}],"wp:term":[{"taxonomy":"category","embeddable":true,"href":"https:\/\/www.e-cv.pt\/en\/wp-json\/wp\/v2\/categories?post=2314"},{"taxonomy":"post_tag","embeddable":true,"href":"https:\/\/www.e-cv.pt\/en\/wp-json\/wp\/v2\/tags?post=2314"}],"curies":[{"name":"wp","href":"https:\/\/api.w.org\/{rel}","templated":true}]}}