{"id":2359,"date":"2020-09-10T21:08:43","date_gmt":"2020-09-10T21:08:43","guid":{"rendered":"https:\/\/www.e-cv.pt\/?p=2359"},"modified":"2020-12-08T18:50:53","modified_gmt":"2020-12-08T18:50:53","slug":"compreensao-da-adaptacao-humana-ao-stress","status":"publish","type":"post","link":"https:\/\/www.e-cv.pt\/en\/2020\/09\/10\/compreensao-da-adaptacao-humana-ao-stress\/","title":{"rendered":"Compreens\u00e3o da Adapta\u00e7\u00e3o Humana ao Stress"},"content":{"rendered":"<p>Compreender a adapta\u00e7\u00e3o humana a situa\u00e7\u00f5es de <em>stress<\/em> \u00e9 uma das quest\u00f5es mais desafiantes e relevantes que se coloca ao estudo do comportamento humano, dadas as repercuss\u00f5es significativas do <em>stress<\/em>, quer a n\u00edvel individual e familiar, quer a n\u00edvel organizacional e social.<\/p>\n\n\n\n<h3 class=\"wp-block-heading\"><strong>O MODELO INTERATIVO DE ADAPTA\u00c7\u00c3O AO&nbsp;<em>STRESS<\/em>&nbsp;<\/strong><\/h3>\n\n\n\n<p>O Modelo Interativo de Adapta\u00e7\u00e3o ao&nbsp;<em>Stress<\/em>&nbsp;(Gomes, 2014) sugere que a adapta\u00e7\u00e3o humana em situa\u00e7\u00f5es de&nbsp;<em>stress<\/em>&nbsp;implica considerar a INTERA\u00c7\u00c3O entre&nbsp;a situa\u00e7\u00e3o e a pessoa, ou seja, a capacidade das pessoas gerirem o <em>stress<\/em> depende das exig\u00eancias (internas e externas) a que est\u00e3o sujeitas e do modo como avaliam e reagem a essas exig\u00eancias. Nesta intera\u00e7\u00e3o entre exig\u00eancias e capacidades importa considerar quatro fatores:<\/p>\n\n\n\n<figure class=\"wp-block-image\"><img loading=\"lazy\" decoding=\"async\" width=\"300\" height=\"200\" src=\"https:\/\/www.e-cv.pt\/wp-content\/uploads\/2020\/09\/pexels-icsa-1708936-300x200.jpg\" alt=\"\" class=\"wp-image-2361\" srcset=\"https:\/\/www.e-cv.pt\/wp-content\/uploads\/2020\/09\/pexels-icsa-1708936-300x200.jpg 300w, https:\/\/www.e-cv.pt\/wp-content\/uploads\/2020\/09\/pexels-icsa-1708936-768x512.jpg 768w, https:\/\/www.e-cv.pt\/wp-content\/uploads\/2020\/09\/pexels-icsa-1708936-1024x683.jpg 1024w, https:\/\/www.e-cv.pt\/wp-content\/uploads\/2020\/09\/pexels-icsa-1708936-600x400.jpg 600w, https:\/\/www.e-cv.pt\/wp-content\/uploads\/2020\/09\/pexels-icsa-1708936-272x182.jpg 272w\" sizes=\"auto, (max-width: 300px) 100vw, 300px\" \/><\/figure>\n\n\n\n<h4 class=\"wp-block-heading\"><strong>1. Situa\u00e7\u00e3o de <em>stress<\/em><\/strong><\/h4>\n\n\n\n<p>Acontecimento, propriamente dito, que desencadeia os esfor\u00e7os de adapta\u00e7\u00e3o por parte do indiv\u00edduo. A situa\u00e7\u00e3o de <em>stress<\/em> pode causar desajustamento da estabilidade das pessoas devido a, pelo menos, cinco caracter\u00edsticas que podem transformar uma dada situa\u00e7\u00e3o num momento potencialmente stressante: 1)&nbsp;<strong>novidade<\/strong>: a situa\u00e7\u00e3o tem potencial gerador de mudan\u00e7a devido ao facto da pessoa n\u00e3o a conhecer; 2)&nbsp;<strong>imprevisibilidade<\/strong>: a situa\u00e7\u00e3o tem potencial gerador de mudan\u00e7a devido a ocorrer em circunst\u00e2ncias inesperadas; 3)&nbsp;<strong>complexidade<\/strong>: a situa\u00e7\u00e3o tem potencial gerador de mudan\u00e7a devido a implicar modos de funcionamento cognitivo e\/ou f\u00edsico complexos; 4)&nbsp;<strong>ambiguidade<\/strong>: a situa\u00e7\u00e3o tem potencial gerador de mudan\u00e7a pelo facto de n\u00e3o possuir crit\u00e9rios claros e objetivos sobre aquilo que \u00e9 esperado; e 5)&nbsp;<strong>incerteza<\/strong>: a situa\u00e7\u00e3o tem potencial gerador de mudan\u00e7a pelo facto de n\u00e3o permitir antecipar, com a razoabilidade poss\u00edvel, o impacto produzido no bem-estar da pessoa nem permitir prever o desfecho final.&nbsp;<\/p>\n\n\n\n<p>Os fatores pessoais tamb\u00e9m podem exacerbar ou amortecer os potenciais efeitos da situa\u00e7\u00e3o de <em>stress<\/em> na pessoa (ex. idade, personalidade etc.).<\/p>\n\n\n\n<h4 class=\"wp-block-heading\"><strong>2. Processos de avalia\u00e7\u00e3o cognitiva<\/strong><\/h4>\n\n\n\n<p>Os processos de avalia\u00e7\u00e3o cognitiva representam um elemento chave na compreens\u00e3o da adapta\u00e7\u00e3o ao&nbsp;<em>stress<\/em>. Ou seja, o modo como as pessoas avaliam e se confrontam com as exig\u00eancias colocadas pela situa\u00e7\u00e3o de&nbsp;<em>stress<\/em>&nbsp;pode fazer a diferen\u00e7a entre uma adapta\u00e7\u00e3o positiva ou negativa ao acontecimento&nbsp;stressante.<\/p>\n\n\n\n<p>A avalia\u00e7\u00e3o cognitiva \u00e9 identificada por, pelo menos, cinco fatores: 1)&nbsp;<strong>import\u00e2ncia<\/strong>: a situa\u00e7\u00e3o \u00e9 avaliada pela pessoa como relevante, em termos dos seus valores, cren\u00e7as e princ\u00edpios de vida; 2)&nbsp;<strong>amea\u00e7a<\/strong><strong>:&nbsp;<\/strong>a situa\u00e7\u00e3o \u00e9 avaliada como perturbadora e negativa para o bem-estar e funcionamento da pessoa; 3)&nbsp;<strong>desafio<\/strong>: a situa\u00e7\u00e3o \u00e9 avaliada pela pessoa como estimulante e entusiasmante do ponto de vista pessoal; 4)&nbsp;<strong>potencial de confronto<\/strong>: a avalia\u00e7\u00e3o que a pessoa faz dos seus recursos e capacidades para lidar com as exig\u00eancias da situa\u00e7\u00e3o; e 5)&nbsp;<strong>controle<\/strong><strong>:&nbsp;<\/strong>a avalia\u00e7\u00e3o que a pessoa faz sobre o seu poder de decis\u00e3o e controle sobre a situa\u00e7\u00e3o.<\/p>\n\n\n\n<h4 class=\"wp-block-heading\"><strong>3. Rea\u00e7\u00f5es \u00e0 situa\u00e7\u00e3o de <em>stress<\/em><\/strong><\/h4>\n\n\n\n<p>Em termos de respostas \u00e0 situa\u00e7\u00e3o de&nbsp;<em>stress<\/em>, o modelo&nbsp;prop\u00f5e uma diferencia\u00e7\u00e3o das respostas ao n\u00edvel psicol\u00f3gico (ex:&nbsp;\u00e2nimo ou des\u00e2nimo, pessimismo ou otimismo, tristeza ou alegria, motiva\u00e7\u00e3o ou desmotiva\u00e7\u00e3o etc.), ao n\u00edvel fisiol\u00f3gico (respostas cardiovasculares, bioqu\u00edmicas e gastrointestinais) e ao n\u00edvel comportamental (ex:&nbsp;impulso para a a\u00e7\u00e3o, evitamento da situa\u00e7\u00e3o, rotinas de vida, etc.).<\/p>\n\n\n\n<figure class=\"wp-block-image\"><img loading=\"lazy\" decoding=\"async\" width=\"300\" height=\"200\" src=\"https:\/\/www.e-cv.pt\/wp-content\/uploads\/2020\/09\/heartache-1846050_1920-300x200.jpg\" alt=\"\" class=\"wp-image-2362\" srcset=\"https:\/\/www.e-cv.pt\/wp-content\/uploads\/2020\/09\/heartache-1846050_1920-300x200.jpg 300w, https:\/\/www.e-cv.pt\/wp-content\/uploads\/2020\/09\/heartache-1846050_1920-768x512.jpg 768w, https:\/\/www.e-cv.pt\/wp-content\/uploads\/2020\/09\/heartache-1846050_1920-1024x683.jpg 1024w, https:\/\/www.e-cv.pt\/wp-content\/uploads\/2020\/09\/heartache-1846050_1920-600x400.jpg 600w, https:\/\/www.e-cv.pt\/wp-content\/uploads\/2020\/09\/heartache-1846050_1920-272x182.jpg 272w, https:\/\/www.e-cv.pt\/wp-content\/uploads\/2020\/09\/heartache-1846050_1920.jpg 1920w\" sizes=\"auto, (max-width: 300px) 100vw, 300px\" \/><\/figure>\n\n\n\n<h4 class=\"wp-block-heading\"><strong>4. Resultado adaptativo<\/strong><\/h4>\n\n\n\n<p>O resultado adaptativo depende da intera\u00e7\u00e3o pessoa e situa\u00e7\u00e3o de <em>stress<\/em>, sendo influenciado pelos fatores expostos anteriormente. Ou seja, sempre que existe um \u201cbom\u201d equil\u00edbrio entre as exig\u00eancias da situa\u00e7\u00e3o e as capacidades das pessoas, a adapta\u00e7\u00e3o ao <em>stress<\/em> \u00e9 tendencialmente positiva; sempre que existe um desfasamento entre as exig\u00eancias e as capacidades, ent\u00e3o aumenta a probabilidade de adapta\u00e7\u00e3o negativa ao <em>stress<\/em>.<\/p>\n\n\n\n<hr class=\"wp-block-separator\"\/>\n\n\n\n<h3 class=\"wp-block-heading\"><strong>Este tema interessa-lhe?<\/strong><\/h3>\n\n\n\n<p>Inscreva-se numa das nossas iniciativas sobre o tema a iniciar brevemente!<\/p>\n\n\n\n<ul class=\"wp-block-list\"><li><strong>Pro\u25cfStress Webinar<\/strong>: 21 de Setembro \u2013 Participa\u00e7\u00e3o livre!! Todas as informa\u00e7\u00f5es <a rel=\"noreferrer noopener\" aria-label=\"aqui (abre num novo separador)\" href=\"https:\/\/www.e-cv.pt\/en\/webinar-pro\u25cfstress\/\" target=\"_blank\">here<\/a>!<\/li><li><strong>Workshops Pro\u25cfStress<\/strong>: 10 e 17 de outubro \u2013 Inscri\u00e7\u00f5es abertas!! Todas as informa\u00e7\u00f5es <a rel=\"noreferrer noopener\" aria-label=\"aqui (abre num novo separador)\" href=\"https:\/\/www.e-cv.pt\/en\/workshops-pro\u25cfstress\/\" target=\"_blank\">here<\/a>!<\/li><\/ul>\n\n\n\n<hr class=\"wp-block-separator\"\/>\n\n\n\n<div class=\"wp-block-image\"><figure class=\"aligncenter\"><img loading=\"lazy\" decoding=\"async\" width=\"500\" height=\"273\" src=\"https:\/\/www.e-cv.pt\/wp-content\/uploads\/2019\/07\/pro-stress_PT-e1562345215150.png\" alt=\"\" class=\"wp-image-1107\"\/><\/figure><\/div>\n\n\n\n<p>O&nbsp;<strong>Pro\u25cfStress&nbsp;<\/strong>\u00e9 um programa de Promo\u00e7\u00e3o da Gest\u00e3o do <em>Stress<\/em> que visa treinar a capacidade das pessoas lidarem mais eficazmente com as situa\u00e7\u00f5es de <em>stress<\/em>, nos mais variados contextos de vida. O treino de gest\u00e3o de <em>stress<\/em> \u00e9 baseado no Modelo Interativo de Adapta\u00e7\u00e3o ao <em>Stress<\/em> (Gomes, 2014).<\/p>\n\n\n\n<p>O <strong>Pro\u25cfStress<\/strong> \u00e9 um desafio \u00e0 oportunidade que todos possu\u00edmos de nos adaptarmos positivamente \u00e0s exig\u00eancias colocadas pelos nossos contextos de vida!<\/p>\n\n\n\n<p>Consulte-nos ou mantenha-se informado sobre as nossas propostas de interven\u00e7\u00e3o, visitando a nossa <a href=\"https:\/\/www.e-cv.pt\/en\/\" target=\"_blank\" rel=\"noreferrer noopener\" aria-label=\"p\u00e1gina (abre num novo separador)\">p\u00e1gina<\/a> de internet.<\/p>\n\n\n\n<div class=\"wp-block-image\"><figure class=\"alignleft\"><img decoding=\"async\" src=\"https:\/\/www.e-cv.pt\/wp-content\/uploads\/2019\/06\/anabelaesteves-150x150.png\" alt=\"\" class=\"wp-image-691\"\/><figcaption>Autoria<br>Anabela Estevas<\/figcaption><\/figure><\/div>","protected":false},"excerpt":{"rendered":"<p>Compreender a adapta\u00e7\u00e3o humana a situa\u00e7\u00f5es de stress \u00e9 uma das quest\u00f5es mais desafiantes e relevantes que se coloca ao [&hellip;]<\/p>","protected":false},"author":2,"featured_media":2360,"comment_status":"open","ping_status":"open","sticky":false,"template":"","format":"standard","meta":{"_monsterinsights_skip_tracking":false,"_monsterinsights_sitenote_active":false,"_monsterinsights_sitenote_note":"","_monsterinsights_sitenote_category":0,"_uf_show_specific_survey":0,"_uf_disable_surveys":false,"footnotes":""},"categories":[1],"tags":[],"class_list":["post-2359","post","type-post","status-publish","format-standard","has-post-thumbnail","hentry","category-uncategorized"],"_links":{"self":[{"href":"https:\/\/www.e-cv.pt\/en\/wp-json\/wp\/v2\/posts\/2359","targetHints":{"allow":["GET"]}}],"collection":[{"href":"https:\/\/www.e-cv.pt\/en\/wp-json\/wp\/v2\/posts"}],"about":[{"href":"https:\/\/www.e-cv.pt\/en\/wp-json\/wp\/v2\/types\/post"}],"author":[{"embeddable":true,"href":"https:\/\/www.e-cv.pt\/en\/wp-json\/wp\/v2\/users\/2"}],"replies":[{"embeddable":true,"href":"https:\/\/www.e-cv.pt\/en\/wp-json\/wp\/v2\/comments?post=2359"}],"version-history":[{"count":3,"href":"https:\/\/www.e-cv.pt\/en\/wp-json\/wp\/v2\/posts\/2359\/revisions"}],"predecessor-version":[{"id":2490,"href":"https:\/\/www.e-cv.pt\/en\/wp-json\/wp\/v2\/posts\/2359\/revisions\/2490"}],"wp:featuredmedia":[{"embeddable":true,"href":"https:\/\/www.e-cv.pt\/en\/wp-json\/wp\/v2\/media\/2360"}],"wp:attachment":[{"href":"https:\/\/www.e-cv.pt\/en\/wp-json\/wp\/v2\/media?parent=2359"}],"wp:term":[{"taxonomy":"category","embeddable":true,"href":"https:\/\/www.e-cv.pt\/en\/wp-json\/wp\/v2\/categories?post=2359"},{"taxonomy":"post_tag","embeddable":true,"href":"https:\/\/www.e-cv.pt\/en\/wp-json\/wp\/v2\/tags?post=2359"}],"curies":[{"name":"wp","href":"https:\/\/api.w.org\/{rel}","templated":true}]}}