{"id":2409,"date":"2020-11-09T17:28:22","date_gmt":"2020-11-09T17:28:22","guid":{"rendered":"https:\/\/www.e-cv.pt\/?p=2409"},"modified":"2020-12-08T18:47:08","modified_gmt":"2020-12-08T18:47:08","slug":"modelo-da-eficacia-da-comunicacao","status":"publish","type":"post","link":"https:\/\/www.e-cv.pt\/en\/2020\/11\/09\/modelo-da-eficacia-da-comunicacao\/","title":{"rendered":"Modelo da Efic\u00e1cia da Comunica\u00e7\u00e3o"},"content":{"rendered":"<p>O&nbsp;Modelo da Efic\u00e1cia da Comunica\u00e7\u00e3o (Gomes<em>,&nbsp;<\/em>2019)&nbsp;sugere que os&nbsp;processos comunicacionais se iniciam quando a pessoa avalia um evento de desequil\u00edbrio&nbsp;como excedendo o seu n\u00edvel \u00f3timo de funcionamento, gerando tens\u00e3o no funcionamento humano. As quebras no funcionamento \u00f3timo levam&nbsp;a pessoa a adotar&nbsp;estrat\u00e9gias comunicacionais (esfor\u00e7os adaptativos) para lidar com as exig\u00eancias do evento de desequil\u00edbrio, visando restabelecer o seu equil\u00edbrio.&nbsp;Assim, e de acordo com este modelo, a comunica\u00e7\u00e3o resulta das iniciativas, verbais ou n\u00e3o verbais, de cada uma das partes envolvidas no processo comunicacional, que visam restabelecer o n\u00edvel \u00f3timo de funcionamento.<\/p>\n\n\n\n<h3 class=\"wp-block-heading\"><strong>EVENTO DE DESEQUIL\u00cdBRIO<\/strong><\/h3>\n\n\n\n<p>O evento de desequil\u00edbrio refere-se ao acontecimento, propriamente dito, que desencadeia os esfor\u00e7os de adapta\u00e7\u00e3o (i.e., comunica\u00e7\u00e3o) por parte do indiv\u00edduo<strong>.&nbsp;<\/strong>O evento potencia processos comunicacionais se for avaliado pelas partes como importante, gerador de tens\u00e3o, suscet\u00edvel de impelir a inten\u00e7\u00e3o de mudan\u00e7a e como sendo gerador de dinamismo comunicacional.&nbsp;<\/p>\n\n\n\n<p>O evento deve possuir pot\u00eancia suficiente para provocar desequil\u00edbrio no funcionamento da pessoa e, com isso, despertar uma necessidade humana, nomeadamente de:<\/p>\n\n\n\n<p>1) <em>preserva\u00e7\u00e3<\/em>o: deriva do sentimento de condicionamento \u00e0 exist\u00eancia, real ou simb\u00f3lica, da pessoa;<\/p>\n\n\n\n<p>2) <em>seguran\u00e7a<\/em>: deriva de sentimentos de prote\u00e7\u00e3o, estabilidade, controle e previsibilidade da pessoa;<\/p>\n\n\n\n<p>3)&nbsp;<em>identifica\u00e7\u00e3o<\/em>: deriva de sentimentos de aceita\u00e7\u00e3o e relacionamento positivo com os outros; e<\/p>\n\n\n\n<p>4)&nbsp;<em>realiza\u00e7\u00e3o<\/em>: deriva do desejo de congru\u00eancia entre o \u201cplano existencial ideal\u201d e o \u201cplano de vida real\u201d, em termos das ideias, expectativas e desejos de vida da pessoa.<\/p>\n\n\n\n<p>O evento pode ainda ocorrer em n\u00edveis distintos, desde o individual, grupal, equipa, organizacional, comunit\u00e1rio e societal.<\/p>\n\n\n\n<h3 class=\"wp-block-heading\"><strong>PESSOA | N\u00cdVEL \u00d3TIMO DE FUNCIONAMENTO<\/strong><\/h3>\n\n\n\n<p>O evento de desequil\u00edbrio gera quebras no n\u00edvel \u00f3timo de funcionamento e consequente tens\u00e3o no funcionamento humano. As quebras no n\u00edvel \u00f3timo de funcionamento decorrem da instabilidade nas necessidades humanas provocadas pelo evento de desequil\u00edbrio, com pot\u00eancia suficiente para uma intera\u00e7\u00e3o comunicacional.<\/p>\n\n\n\n<h3 class=\"wp-block-heading\"><strong>AVALIA\u00c7\u00c3O COGNITIVA<\/strong><\/h3>\n\n\n\n<p>A tens\u00e3o no funcionamento humano decorre dos processos de avalia\u00e7\u00e3o cognitiva (significado pessoal atribu\u00eddo pela pessoa ao evento) da pessoa envolvida no processo comunicacional e resulta das altera\u00e7\u00f5es, mais ou menos conscientes e mais ou menos intensas, ao n\u00edvel cognitivo, som\u00e1tico e comportamental, decorrentes do evento de desequil\u00edbrio.<\/p>\n\n\n\n<figure class=\"wp-block-image\"><img loading=\"lazy\" decoding=\"async\" width=\"300\" height=\"200\" src=\"https:\/\/www.e-cv.pt\/wp-content\/uploads\/2020\/11\/speak-238488_1920-300x200.jpg\" alt=\"\" class=\"wp-image-2411\" srcset=\"https:\/\/www.e-cv.pt\/wp-content\/uploads\/2020\/11\/speak-238488_1920-300x200.jpg 300w, https:\/\/www.e-cv.pt\/wp-content\/uploads\/2020\/11\/speak-238488_1920-768x512.jpg 768w, https:\/\/www.e-cv.pt\/wp-content\/uploads\/2020\/11\/speak-238488_1920-1024x683.jpg 1024w, https:\/\/www.e-cv.pt\/wp-content\/uploads\/2020\/11\/speak-238488_1920-600x400.jpg 600w, https:\/\/www.e-cv.pt\/wp-content\/uploads\/2020\/11\/speak-238488_1920-272x182.jpg 272w, https:\/\/www.e-cv.pt\/wp-content\/uploads\/2020\/11\/speak-238488_1920.jpg 1920w\" sizes=\"auto, (max-width: 300px) 100vw, 300px\" \/><\/figure>\n\n\n\n<h3 class=\"wp-block-heading\"><strong>ESFOR\u00c7OS ADAPTATIVOS<\/strong><\/h3>\n\n\n\n<p>As quebras no funcionamento \u00f3timo levam a pessoa a adotar esfor\u00e7os adaptativos (estrat\u00e9gias comunicacionais) para lidar com as exig\u00eancias do evento, visando o restabelecimento do seu equil\u00edbrio. No caso da comunica\u00e7\u00e3o, os sistemas de intera\u00e7\u00e3o humana assumem distintas formas de express\u00e3o pessoal, desde a verbaliza\u00e7\u00e3o direta at\u00e9 verbaliza\u00e7\u00f5es por meios indiretos (ex. telem\u00f3vel, redes sociais, etc.). Os esfor\u00e7os adaptativos para lidar com as exig\u00eancias do evento dependem de vari\u00e1veis pessoais, psicol\u00f3gicas, sociais e situacionais.<\/p>\n\n\n\n<p>Assim, e de acordo com o modelo, a comunica\u00e7\u00e3o resulta das iniciativas, verbais ou n\u00e3o verbais, de cada uma das partes envolvidas no processo comunicacional, que visam restabelecer o n\u00edvel \u00f3timo de funcionamento.<\/p>\n\n\n\n<p>O processo comunicacional \u00e9, assim, aferido por um conjunto de comportamentos comunicacionais, que podem ser entendidos pelo prop\u00f3sito subjacente \u00e0 comunica\u00e7\u00e3o (significa\u00e7\u00e3o pessoal), pela iniciativa comunicacional (espont\u00e2nea ou reativa), pelo impacto no processo comunicacional (abordagem positiva ou negativa), e pela tipologia comunicacional (perfil comunicacional positivo ou negativo).<\/p>\n\n\n\n<h3 class=\"wp-block-heading\"><strong>RESULTADO RELACIONAL<\/strong><\/h3>\n\n\n\n<p>Por \u00faltimo, o&nbsp;resultado relacional identifica os resultados alcan\u00e7ados com o processo comunicacional, podendo originar altera\u00e7\u00f5es desde neutras a substantivas no relacionamento interpessoal (i.e., cognitivas, afetivas e comportamentais), numa ou em ambas as partes, tanto no sentido desej\u00e1vel como indesej\u00e1vel.<\/p>\n\n\n\n<hr class=\"wp-block-separator\"\/>\n\n\n\n<h3 class=\"wp-block-heading\"><strong>Este tema interessa-lhe?<\/strong><\/h3>\n\n\n\n<p>Inscreva-se numa das nossas <a href=\"https:\/\/www.e-cv.pt\/en\/comunicacao\/\" target=\"_blank\" rel=\"noreferrer noopener\" aria-label=\"iniciativas (abre num novo separador)\">iniciativas<\/a> sobre o tema a iniciar brevemente!<\/p>\n\n\n\n<figure class=\"wp-block-image\"><img loading=\"lazy\" decoding=\"async\" width=\"1024\" height=\"534\" src=\"https:\/\/www.e-cv.pt\/wp-content\/uploads\/2020\/11\/Webinar_Pro_Interagir-1024x534.png\" alt=\"\" class=\"wp-image-2396\" srcset=\"https:\/\/www.e-cv.pt\/wp-content\/uploads\/2020\/11\/Webinar_Pro_Interagir-1024x534.png 1024w, https:\/\/www.e-cv.pt\/wp-content\/uploads\/2020\/11\/Webinar_Pro_Interagir-300x156.png 300w, https:\/\/www.e-cv.pt\/wp-content\/uploads\/2020\/11\/Webinar_Pro_Interagir-768x400.png 768w, https:\/\/www.e-cv.pt\/wp-content\/uploads\/2020\/11\/Webinar_Pro_Interagir-600x313.png 600w, https:\/\/www.e-cv.pt\/wp-content\/uploads\/2020\/11\/Webinar_Pro_Interagir.png 1278w\" sizes=\"auto, (max-width: 1024px) 100vw, 1024px\" \/><\/figure>\n\n\n\n<ul class=\"wp-block-list\"><li>Webinar Pro\u25cfInteragir: 16 e 30 de novembro \u2013 Participa\u00e7\u00e3o livre!! Inscreva-se <a rel=\"noreferrer noopener\" aria-label=\"aqui (abre num novo separador)\" href=\"https:\/\/www.e-cv.pt\/en\/webinars-pro\u25cfinteragir\/\" target=\"_blank\">here<\/a>!<\/li><\/ul>\n\n\n\n<ul class=\"wp-block-list\"><li>Workshops Pro\u25cfInteragir:&nbsp;23 e 30 de janeiro \u2013 Inscri\u00e7\u00f5es abrem brevemente!!<\/li><\/ul>\n\n\n\n<figure class=\"wp-block-image\"><img loading=\"lazy\" decoding=\"async\" width=\"1024\" height=\"559\" src=\"https:\/\/www.e-cv.pt\/wp-content\/uploads\/2020\/03\/pro-interargir_PT-1024x559.png\" alt=\"\" class=\"wp-image-2021\" srcset=\"https:\/\/www.e-cv.pt\/wp-content\/uploads\/2020\/03\/pro-interargir_PT-1024x559.png 1024w, https:\/\/www.e-cv.pt\/wp-content\/uploads\/2020\/03\/pro-interargir_PT-300x164.png 300w, https:\/\/www.e-cv.pt\/wp-content\/uploads\/2020\/03\/pro-interargir_PT-768x420.png 768w, https:\/\/www.e-cv.pt\/wp-content\/uploads\/2020\/03\/pro-interargir_PT-600x328.png 600w\" sizes=\"auto, (max-width: 1024px) 100vw, 1024px\" \/><\/figure>\n\n\n\n<hr class=\"wp-block-separator\"\/>\n\n\n\n<p>O <a href=\"https:\/\/www.e-cv.pt\/en\/comunicacao\/\" target=\"_blank\" rel=\"noreferrer noopener\" aria-label=\"Pro\u25cfInteragir (abre num novo separador)\">Pro\u25cfInteragir<\/a>&nbsp;\u00e9 um programa de <em>Promo\u00e7\u00e3o da&nbsp;efic\u00e1cia da comunica\u00e7\u00e3o<\/em> que&nbsp;visa treinar estilos de comunica\u00e7\u00e3o facilitadores do relacionamento interpessoal, nos mais variados contextos de vida. O treino comunicacional \u00e9 baseado no Modelo da Efic\u00e1cia da Comunica\u00e7\u00e3o, que serve de base \u00e0s atividades propostas.<\/p>\n\n\n\n<p>Consulte-nos e mantenha-se informado sobre as nossas propostas de interven\u00e7\u00e3o, visitando a nossa <a rel=\"noreferrer noopener\" aria-label=\"p\u00e1gina de internet (abre num novo separador)\" href=\"https:\/\/www.e-cv.pt\/en\/\" target=\"_blank\">p\u00e1gina de internet<\/a> e o nosso <a href=\"https:\/\/www.facebook.com\/Escola-Compet\u00eancias-de-Vida-2415414378525094\" target=\"_blank\" rel=\"noreferrer noopener\" aria-label=\"Facebook (abre num novo separador)\">Facebook<\/a>.<\/p>\n\n\n\n<hr class=\"wp-block-separator\"\/>\n\n\n\n<div class=\"wp-block-image\"><figure class=\"alignleft\"><img decoding=\"async\" src=\"https:\/\/www.e-cv.pt\/wp-content\/uploads\/2019\/06\/anabelaesteves-150x150.png\" alt=\"\" class=\"wp-image-691\"\/><figcaption>Autoria<br>Anabela Esteves<\/figcaption><\/figure><\/div>","protected":false},"excerpt":{"rendered":"<p>O&nbsp;Modelo da Efic\u00e1cia da Comunica\u00e7\u00e3o (Gomes,&nbsp;2019)&nbsp;sugere que os&nbsp;processos comunicacionais se iniciam quando a pessoa avalia um evento de desequil\u00edbrio&nbsp;como excedendo [&hellip;]<\/p>","protected":false},"author":2,"featured_media":2410,"comment_status":"open","ping_status":"open","sticky":false,"template":"","format":"standard","meta":{"_monsterinsights_skip_tracking":false,"_monsterinsights_sitenote_active":false,"_monsterinsights_sitenote_note":"","_monsterinsights_sitenote_category":0,"_uf_show_specific_survey":0,"_uf_disable_surveys":false,"footnotes":""},"categories":[53,70,34,31,33],"tags":[74],"class_list":["post-2409","post","type-post","status-publish","format-standard","has-post-thumbnail","hentry","category-blog","category-competencias-de-vida","category-comunicacao","category-ecv","category-workshops","tag-comunicacao"],"_links":{"self":[{"href":"https:\/\/www.e-cv.pt\/en\/wp-json\/wp\/v2\/posts\/2409","targetHints":{"allow":["GET"]}}],"collection":[{"href":"https:\/\/www.e-cv.pt\/en\/wp-json\/wp\/v2\/posts"}],"about":[{"href":"https:\/\/www.e-cv.pt\/en\/wp-json\/wp\/v2\/types\/post"}],"author":[{"embeddable":true,"href":"https:\/\/www.e-cv.pt\/en\/wp-json\/wp\/v2\/users\/2"}],"replies":[{"embeddable":true,"href":"https:\/\/www.e-cv.pt\/en\/wp-json\/wp\/v2\/comments?post=2409"}],"version-history":[{"count":3,"href":"https:\/\/www.e-cv.pt\/en\/wp-json\/wp\/v2\/posts\/2409\/revisions"}],"predecessor-version":[{"id":2486,"href":"https:\/\/www.e-cv.pt\/en\/wp-json\/wp\/v2\/posts\/2409\/revisions\/2486"}],"wp:featuredmedia":[{"embeddable":true,"href":"https:\/\/www.e-cv.pt\/en\/wp-json\/wp\/v2\/media\/2410"}],"wp:attachment":[{"href":"https:\/\/www.e-cv.pt\/en\/wp-json\/wp\/v2\/media?parent=2409"}],"wp:term":[{"taxonomy":"category","embeddable":true,"href":"https:\/\/www.e-cv.pt\/en\/wp-json\/wp\/v2\/categories?post=2409"},{"taxonomy":"post_tag","embeddable":true,"href":"https:\/\/www.e-cv.pt\/en\/wp-json\/wp\/v2\/tags?post=2409"}],"curies":[{"name":"wp","href":"https:\/\/api.w.org\/{rel}","templated":true}]}}