{"id":2446,"date":"2020-11-20T22:42:20","date_gmt":"2020-11-20T22:42:20","guid":{"rendered":"https:\/\/www.e-cv.pt\/?p=2446"},"modified":"2020-11-20T22:42:23","modified_gmt":"2020-11-20T22:42:23","slug":"a-arte-de-comunicar","status":"publish","type":"post","link":"https:\/\/www.e-cv.pt\/en\/2020\/11\/20\/a-arte-de-comunicar\/","title":{"rendered":"A Arte de Comunicar"},"content":{"rendered":"<p>O meu chefe \u00e9 um comunicador\u2026.<\/p>\n\n\n\n<p><strong>1. Idealista.<\/strong> Ele procura levar-nos a refletir sobre as raz\u00f5es pelas quais \u00e9 t\u00e3o importante o nosso contributo para o trabalho a realizar. O meu chefe questiona frequentemente as nossas atitudes, cren\u00e7as e valores sobre o nosso papel na equipa e o modo como cada um de n\u00f3s pode, \u00e0 sua maneira, contribuir para o sucesso da nossa miss\u00e3o. Segundo ele, o objetivo \u00e9 pensarmos sobre aquilo que cada um pode fazer para alcan\u00e7ar as metas tra\u00e7adas e n\u00e3o apenas pensarmos naquilo que cada um deve fazer para garantir o melhor para si individualmente. E, n\u00e3o s\u00f3! Tamb\u00e9m consegue envolver-nos nessa miss\u00e3o coletiva da equipa, como se isso fosse a coisa mais importante para todos n\u00f3s no trabalho! Sinto no meu chefe uma inspira\u00e7\u00e3o coletiva em nome de um bem comum!<\/p>\n\n\n\n<p>2.\u00a0<strong>Tecnicista.<\/strong> Ele procura constantemente estimular as nossas capacidades pessoais na execu\u00e7\u00e3o das tarefas, de modo a podermos progredir e melhorar o modo como trabalhamos. E, n\u00e3o s\u00f3! Tamb\u00e9m se preocupa em facultar-nos oportunidades para assumirmos maior autonomia e responsabilidade no trabalho, procurando aumentar o n\u00edvel de exig\u00eancia nas tarefas \u00e0 medida que vamos ficando mais capazes na execu\u00e7\u00e3o das mesmas. Sinto no meu chefe a vontade de progress\u00e3o constante!<\/p>\n\n\n\n<p>3.\u00a0<strong>Proximal.<\/strong> Ele procura perceber as nossas dificuldades, receios, d\u00favidas e problemas, estando ao nosso lado nos momentos mais decisivos das tarefas a realizar. E, n\u00e3o s\u00f3! Tamb\u00e9m se interessa pelo nosso bem-estar pessoal, procurando que a concilia\u00e7\u00e3o trabalho-fam\u00edlia decorra sem sobressaltos e em harmonia. Sinto no meu chefe uma fonte de apoio em quem se pode confiar!<\/p>\n\n\n\n<figure class=\"wp-block-image\"><img loading=\"lazy\" decoding=\"async\" width=\"1024\" height=\"243\" src=\"https:\/\/www.e-cv.pt\/wp-content\/uploads\/2019\/06\/team_1-e1561397180938-1024x243.jpeg\" alt=\"\" class=\"wp-image-962\" srcset=\"https:\/\/www.e-cv.pt\/wp-content\/uploads\/2019\/06\/team_1-e1561397180938-1024x243.jpeg 1024w, https:\/\/www.e-cv.pt\/wp-content\/uploads\/2019\/06\/team_1-e1561397180938-300x71.jpeg 300w, https:\/\/www.e-cv.pt\/wp-content\/uploads\/2019\/06\/team_1-e1561397180938-768x182.jpeg 768w, https:\/\/www.e-cv.pt\/wp-content\/uploads\/2019\/06\/team_1-e1561397180938-600x142.jpeg 600w\" sizes=\"auto, (max-width: 1024px) 100vw, 1024px\" \/><\/figure>\n\n\n\n<p>4.\u00a0<strong>Encorajador.<\/strong> Ele procura estabelecer um ambiente positivo e de alegria no trabalho, sendo o primeiro a felicitar-nos pelos bons desempenhos e a mostrar-se feliz pelas nossas vit\u00f3rias do dia-a-dia. E, n\u00e3o s\u00f3! Tamb\u00e9m \u00e9 o primeiro a \u201clevantar-nos\u201d quando as coisas n\u00e3o correm pelo melhor, ajudando-nos a recuperar o \u00e2nimo e a motiva\u00e7\u00e3o para \u201cvoltar \u00e0 carga\u201d, ap\u00f3s os insucessos. Sinto no meu chefe a energia e convic\u00e7\u00e3o que, no final, vai correr tudo bem!<\/p>\n\n\n\n<p>Eis o meu chefe! O chefe que todos merecemos ter no trabalho!&nbsp;<\/p>\n\n\n\n<hr class=\"wp-block-separator\"\/>\n\n\n\n<p><strong>Gostaria de saber mais sobre o tema?&nbsp;<\/strong><\/p>\n\n\n\n<p>The <a rel=\"noreferrer noopener\" aria-label=\"Escola Compet\u00eancias de Vida (abre num novo separador)\" href=\"https:\/\/www.e-cv.pt\/en\/\" target=\"_blank\">School of Life Skills<\/a> (ECV) prop\u00f5e um programa de <a rel=\"noreferrer noopener\" aria-label=\"Promo\u00e7\u00e3o da\u00a0efic\u00e1cia da comunica\u00e7\u00e3o (abre num novo separador)\" href=\"https:\/\/www.e-cv.pt\/en\/comunicacao\/\" target=\"_blank\">Promo\u00e7\u00e3o da\u00a0efic\u00e1cia da comunica\u00e7\u00e3o<\/a> (Pro\u25cfInteragir)\u00a0que\u00a0visa treinar estilos de comunica\u00e7\u00e3o facilitadores do relacionamento interpessoal, nos mais variados contextos de vida. O treino comunicacional \u00e9 baseado no <a href=\"http:\/\/repositorium.sdum.uminho.pt\/handle\/1822\/67148\" target=\"_blank\" rel=\"noreferrer noopener\" aria-label=\"Modelo da Efic\u00e1cia da Comunica\u00e7\u00e3o (abre num novo separador)\">Modelo da Efic\u00e1cia da Comunica\u00e7\u00e3o<\/a>, sendo a proposta que serve de base \u00e0s atividades propostas.<\/p>\n\n\n\n<p>Venha conhecer este programa!<\/p>\n\n\n\n<figure class=\"wp-block-image\"><img loading=\"lazy\" decoding=\"async\" width=\"1024\" height=\"559\" src=\"https:\/\/www.e-cv.pt\/wp-content\/uploads\/2020\/03\/pro-interargir_PT-1024x559.png\" alt=\"\" class=\"wp-image-2021\" srcset=\"https:\/\/www.e-cv.pt\/wp-content\/uploads\/2020\/03\/pro-interargir_PT-1024x559.png 1024w, https:\/\/www.e-cv.pt\/wp-content\/uploads\/2020\/03\/pro-interargir_PT-300x164.png 300w, https:\/\/www.e-cv.pt\/wp-content\/uploads\/2020\/03\/pro-interargir_PT-768x420.png 768w, https:\/\/www.e-cv.pt\/wp-content\/uploads\/2020\/03\/pro-interargir_PT-600x328.png 600w\" sizes=\"auto, (max-width: 1024px) 100vw, 1024px\" \/><\/figure>\n\n\n\n<p>WebinarPro\u25cfInteragir: 30 de novembro \u2013 Participa\u00e7\u00e3o livre!! Inscreva-se&nbsp;<a href=\"https:\/\/www.e-cv.pt\/en\/webinars-pro\u25cfinteragir\/\" target=\"_blank\" rel=\"noreferrer noopener\">here<\/a>!<\/p>\n\n\n\n<p>Workshops Pro\u25cfInteragir:\u00a023 e 30 de janeiro \u2013 Inscri\u00e7\u00f5es abrem brevemente!!<\/p>\n\n\n\n<p>Consulte-nos ou mantenha-se informado sobre as nossas propostas de interven\u00e7\u00e3o, visitando a nossa p\u00e1gina de internet:&nbsp;<a href=\"https:\/\/www.e-cv.pt\/en\/\">https:\/\/www.e-cv.pt\/<\/a><\/p>\n\n\n\n<hr class=\"wp-block-separator\"\/>\n\n\n\n<div class=\"wp-block-image\"><figure class=\"alignleft\"><img loading=\"lazy\" decoding=\"async\" width=\"150\" height=\"150\" src=\"https:\/\/www.e-cv.pt\/wp-content\/uploads\/2019\/07\/RG-2017-2-e1562424389135-150x150.jpg\" alt=\"\" class=\"wp-image-1094\"\/><figcaption>Autoria<br>Rui Gomes<\/figcaption><\/figure><\/div>","protected":false},"excerpt":{"rendered":"<p>O meu chefe \u00e9 um comunicador\u2026. 1. Idealista. Ele procura levar-nos a refletir sobre as raz\u00f5es pelas quais \u00e9 t\u00e3o [&hellip;]<\/p>","protected":false},"author":2,"featured_media":1657,"comment_status":"open","ping_status":"open","sticky":false,"template":"","format":"standard","meta":{"_monsterinsights_skip_tracking":false,"_monsterinsights_sitenote_active":false,"_monsterinsights_sitenote_note":"","_monsterinsights_sitenote_category":0,"_uf_show_specific_survey":0,"_uf_disable_surveys":false,"footnotes":""},"categories":[53,70,34],"tags":[],"class_list":["post-2446","post","type-post","status-publish","format-standard","has-post-thumbnail","hentry","category-blog","category-competencias-de-vida","category-comunicacao"],"_links":{"self":[{"href":"https:\/\/www.e-cv.pt\/en\/wp-json\/wp\/v2\/posts\/2446","targetHints":{"allow":["GET"]}}],"collection":[{"href":"https:\/\/www.e-cv.pt\/en\/wp-json\/wp\/v2\/posts"}],"about":[{"href":"https:\/\/www.e-cv.pt\/en\/wp-json\/wp\/v2\/types\/post"}],"author":[{"embeddable":true,"href":"https:\/\/www.e-cv.pt\/en\/wp-json\/wp\/v2\/users\/2"}],"replies":[{"embeddable":true,"href":"https:\/\/www.e-cv.pt\/en\/wp-json\/wp\/v2\/comments?post=2446"}],"version-history":[{"count":1,"href":"https:\/\/www.e-cv.pt\/en\/wp-json\/wp\/v2\/posts\/2446\/revisions"}],"predecessor-version":[{"id":2447,"href":"https:\/\/www.e-cv.pt\/en\/wp-json\/wp\/v2\/posts\/2446\/revisions\/2447"}],"wp:featuredmedia":[{"embeddable":true,"href":"https:\/\/www.e-cv.pt\/en\/wp-json\/wp\/v2\/media\/1657"}],"wp:attachment":[{"href":"https:\/\/www.e-cv.pt\/en\/wp-json\/wp\/v2\/media?parent=2446"}],"wp:term":[{"taxonomy":"category","embeddable":true,"href":"https:\/\/www.e-cv.pt\/en\/wp-json\/wp\/v2\/categories?post=2446"},{"taxonomy":"post_tag","embeddable":true,"href":"https:\/\/www.e-cv.pt\/en\/wp-json\/wp\/v2\/tags?post=2446"}],"curies":[{"name":"wp","href":"https:\/\/api.w.org\/{rel}","templated":true}]}}