{"id":2496,"date":"2020-12-19T20:53:52","date_gmt":"2020-12-19T20:53:52","guid":{"rendered":"https:\/\/www.e-cv.pt\/?p=2496"},"modified":"2020-12-19T20:53:55","modified_gmt":"2020-12-19T20:53:55","slug":"compreensao-da-adaptacao-humana-ao-stress-exemplo-em-contexto-de-pandemia-parte-2","status":"publish","type":"post","link":"https:\/\/www.e-cv.pt\/en\/2020\/12\/19\/compreensao-da-adaptacao-humana-ao-stress-exemplo-em-contexto-de-pandemia-parte-2\/","title":{"rendered":"Compreens\u00e3o da Adapta\u00e7\u00e3o Humana ao Stress: Exemplo em Contexto de Pandemia Parte 2"},"content":{"rendered":"<p>Na <a rel=\"noreferrer noopener\" aria-label=\"parte 1 (abre num novo separador)\" href=\"https:\/\/www.e-cv.pt\/en\/2020\/10\/23\/compreensao-da-adaptacao-humana-ao-stress-exemplo-em-contexto-de-pandemia\/\" target=\"_blank\">parte 1<\/a> desta s\u00e9rie, explor\u00e1mos o primeiro grande fator do\u00a0<strong>Modelo Interativo de Adapta\u00e7\u00e3o ao Stress<\/strong> (Gomes, 2014), exemplificando-o com a pandemia CoVID-19. Mostr\u00e1mos como a situa\u00e7\u00e3o de stress (o aparecimento da pandemia) tem v\u00e1rias caracter\u00edsticas que condicionam a nossa adapta\u00e7\u00e3o:\u00a0<strong>novidade<\/strong> (primeira pandemia num s\u00e9culo),\u00a0<strong>imprevisibilidade<\/strong> (quando vai terminar?),\u00a0<strong>complexidade<\/strong> (trabalho, fam\u00edlia, sa\u00fade, etc.),\u00a0<strong>ambiguidade<\/strong> (o que devo fazer?) e\u00a0<strong>incerteza<\/strong> (como ser\u00e1 o futuro?).<\/p>\n\n\n\n<p>Neste artigo vamos analisar o segundo grande fator do Modelo: os processos de avalia\u00e7\u00e3o cognitiva.<\/p>\n\n\n\n<h3 class=\"wp-block-heading\"><strong>PROCESSOS DE AVALIA\u00c7\u00c3O COGNITIVA<\/strong><\/h3>\n\n\n\n<p>A avalia\u00e7\u00e3o cognitiva refere-se \u00e0 forma como interpretamos e gerimos as nossas respostas psicol\u00f3gicas, f\u00edsicas e comportamentais (a\u00e7\u00f5es) perante uma situa\u00e7\u00e3o de stress. No caso da CoVID-19, no momento em que foi declarado estado de emerg\u00eancia:<\/p>\n\n\n\n<ul class=\"wp-block-list\"><li>Podemos ter sentido medo e apreens\u00e3o \u2013 psicol\u00f3gica<\/li><li>Podemos ter sentido o cora\u00e7\u00e3o a bater mais depressa \u2013 f\u00edsica<\/li><li>Podemos ter ligado a familiares \u2013 comportamental<\/li><\/ul>\n\n\n\n<p>Mais do que as respostas em si, s\u00e3o os processos de avalia\u00e7\u00e3o cognitiva (a forma como as interpretamos e gerimos), que determinam, fortemente, a nossa adapta\u00e7\u00e3o a uma situa\u00e7\u00e3o de stress. Reparem ainda que estes processos s\u00e3o din\u00e2micos e v\u00e3o mudando ao longo do tempo consoante as caracter\u00edsticas da situa\u00e7\u00e3o e da pr\u00f3pria pessoa. A avalia\u00e7\u00e3o cognitiva \u00e9 ent\u00e3o influenciada por cinco fatores:<\/p>\n\n\n\n<p>1. <strong><span style=\"text-decoration: underline;\">Import\u00e2ncia<\/span><\/strong><span style=\"text-decoration: underline;\">:<\/span> Como \u00e9 que avalio a import\u00e2ncia da situa\u00e7\u00e3o? \u00c9 relevante em termos dos meus valores, cren\u00e7as e princ\u00edpios? Talvez resida aqui uma das principais raz\u00f5es pelas quais nem todos adotamos comportamentos de seguran\u00e7a perante esta doen\u00e7a: uns avaliam este problema como importante e significativo para o seu bem-estar e sa\u00fade, enquanto outros n\u00e3o lhe atribuem grande relev\u00e2ncia e significado.<\/p>\n\n\n\n<p><strong><span style=\"text-decoration: underline;\">2. Amea\u00e7a:<\/span><\/strong> A situa\u00e7\u00e3o \u00e9 negativa e perturbadora para o meu bem-estar e funcionamento? Durante o confinamento, muitos casais com filhos pequenos viram-se numa situa\u00e7\u00e3o em que foi necess\u00e1rio alterar h\u00e1bitos e rotinas, para conciliar o teletrabalho, a telescola e todas as tarefas di\u00e1rias. Para muitos, esta carga negativa e perturbadora prejudicou a sua adapta\u00e7\u00e3o ao stress, tornando mais prov\u00e1vel a manifesta\u00e7\u00e3o de sintomas associados.<\/p>\n\n\n\n<p><strong><span style=\"text-decoration: underline;\">3. Desafio:<\/span><\/strong> A situa\u00e7\u00e3o \u00e9 estimulante e desafiante para a pessoa? Mesmo com a carga negativa ineg\u00e1vel da pandemia, houve pessoas que encararam a situa\u00e7\u00e3o como um desafio \u00e0s suas capacidades, motivando-se para usarem estrat\u00e9gias que levassem a uma melhor adapta\u00e7\u00e3o \u00e0 situa\u00e7\u00e3o. Usando o mesmo exemplo, muitos destes casais encararam a situa\u00e7\u00e3o como um desafio, tendo conseguido encontrar solu\u00e7\u00f5es criativas que permitiram minimizar os efeitos negativos da situa\u00e7\u00e3o de stress.<\/p>\n\n\n\n<p><strong><span style=\"text-decoration: underline;\">4. Potencial de confronto: <\/span><\/strong>Quais s\u00e3o os recursos que possuo e que compet\u00eancias tenho para aplicar \u00e0 situa\u00e7\u00e3o? Estes recursos e compet\u00eancias t\u00eam uma amplitude muito vasta, desde recursos materiais a compet\u00eancias emocionais. Voltando ao mesmo exemplo, os casais com computadores ou outros dispositivos eletr\u00f3nicos em casa, com boa liga\u00e7\u00e3o \u00e0 internet e com boas compet\u00eancias de utiliza\u00e7\u00e3o de ferramentas eletr\u00f3nicas podem ter sido menos condicionados nas duas rotinas de vida. Por outro lado, casais com menos \u201cliteracia eletr\u00f3nica\u201d e menos recursos financeiros para colmatar este d\u00e9fice poder\u00e3o ter sentido maior dificuldade em se adaptarem ao confinamento e todos os seus desafios.<\/p>\n\n\n\n<figure class=\"wp-block-image\"><img loading=\"lazy\" decoding=\"async\" width=\"300\" height=\"200\" src=\"https:\/\/www.e-cv.pt\/wp-content\/uploads\/2020\/10\/pexels-cottonbro-3951373-300x200.jpg\" alt=\"\" class=\"wp-image-2389\" srcset=\"https:\/\/www.e-cv.pt\/wp-content\/uploads\/2020\/10\/pexels-cottonbro-3951373-300x200.jpg 300w, https:\/\/www.e-cv.pt\/wp-content\/uploads\/2020\/10\/pexels-cottonbro-3951373-768x512.jpg 768w, https:\/\/www.e-cv.pt\/wp-content\/uploads\/2020\/10\/pexels-cottonbro-3951373-1024x683.jpg 1024w, https:\/\/www.e-cv.pt\/wp-content\/uploads\/2020\/10\/pexels-cottonbro-3951373-600x400.jpg 600w, https:\/\/www.e-cv.pt\/wp-content\/uploads\/2020\/10\/pexels-cottonbro-3951373-272x182.jpg 272w\" sizes=\"auto, (max-width: 300px) 100vw, 300px\" \/><\/figure>\n\n\n\n<p><strong><span style=\"text-decoration: underline;\">5. Controle:<\/span><\/strong> O que \u00e9 que \u00e9 poss\u00edvel eu fazer? Consigo controlar a situa\u00e7\u00e3o? Apesar do confinamento ser aparentemente uma situa\u00e7\u00e3o imposs\u00edvel de controlar, nem todos a avaliamos da mesma forma. Os casais com uma maior perce\u00e7\u00e3o de controle podem, por exemplo aderir a comportamentos de seguran\u00e7a perante o problema (uso de m\u00e1scara, distanciamento social, etc.) pois acreditam que assim diminuem a probabilidade de serem infetados, enquanto casais com menor perce\u00e7\u00e3o de controle podem acreditar que ficar ou n\u00e3o infetado \u00e9 basicamente uma quest\u00e3o de sorte ou de acaso, aderindo menos aos comportamentos de seguran\u00e7a. Igualmente importante, maior perce\u00e7\u00e3o de controle pode tamb\u00e9m ajudar as pessoas a dotarem outras compet\u00eancias de vida importantes para limitar os efeitos indesej\u00e1veis da pandemia, como, por exemplo, formular planos de gest\u00e3o de tempo para que tarefas acumuladas n\u00e3o se tornassem mais uma fonte de stress. Estas medidas ajudaram na adapta\u00e7\u00e3o ao confinamento.<\/p>\n\n\n\n<p>Em suma, perante a mesma situa\u00e7\u00e3o, com as mesmas caracter\u00edsticas, a forma como a vemos e percecionamos influencia a nossa adapta\u00e7\u00e3o ao stress. Numa situa\u00e7\u00e3o que todos avaliamos como importante, a adapta\u00e7\u00e3o ao stress ser\u00e1 facilitada por uma baixa perce\u00e7\u00e3o de amea\u00e7a e por elevada perce\u00e7\u00e3o de desafio, potencial de confronto e de controle. Ou seja, perante o confinamento obrigat\u00f3rio, indiv\u00edduos que se sentiram menos amea\u00e7ados e mais desafiados pela situa\u00e7\u00e3o, com mais recursos e compet\u00eancias e com maior controle sobre a situa\u00e7\u00e3o adaptaram-se melhor ao evento de stress.<\/p>\n\n\n\n<p>Apesar de n\u00e3o podermos mudar as caracter\u00edsticas da situa\u00e7\u00e3o que descrevemos na parte 1, podemos trabalhar compet\u00eancias que nos ajudam a lidar com a forma como avaliamos e percecionamos a situa\u00e7\u00e3o de stress, aumentando a probabilidade de uma adapta\u00e7\u00e3o positiva.<\/p>\n\n\n\n<h3 class=\"wp-block-heading\"><strong>MAS SER\u00c3O ESTES FATORES SUFICIENTES PARA EXPLICAR A ADAPTA\u00c7\u00c3O AO\u00a0STRESS DA PANDEMIA?<\/strong><\/h3>\n\n\n\n<p><strong>N\u00e3o!<\/strong> Voltaremos ao Modelo num dos pr\u00f3ximos artigos, continuando com o exemplo pr\u00e1tico da pandemia CoVID-19. Esperamos com isto explicar como nos adaptamos ao\u00a0<em>stress<\/em>, quais os fatores que condicionam essa adapta\u00e7\u00e3o e, no contexto de pandemia, que tipo de estrat\u00e9gias podemos utilizar para maximizar a nossa adapta\u00e7\u00e3o ao\u00a0stress.<\/p>\n\n\n\n<hr class=\"wp-block-separator\"\/>\n\n\n\n<div class=\"wp-block-image\"><figure class=\"alignleft\"><img decoding=\"async\" src=\"https:\/\/www.e-cv.pt\/wp-content\/uploads\/2019\/06\/lilianafontes-150x150.png\" alt=\"\" class=\"wp-image-693\"\/><figcaption>Autoria<br>Liliana Fontes<\/figcaption><\/figure><\/div>","protected":false},"excerpt":{"rendered":"<p>Na parte 1 desta s\u00e9rie, explor\u00e1mos o primeiro grande fator do\u00a0Modelo Interativo de Adapta\u00e7\u00e3o ao Stress (Gomes, 2014), exemplificando-o com [&hellip;]<\/p>","protected":false},"author":2,"featured_media":2391,"comment_status":"open","ping_status":"open","sticky":false,"template":"","format":"standard","meta":{"_monsterinsights_skip_tracking":false,"_monsterinsights_sitenote_active":false,"_monsterinsights_sitenote_note":"","_monsterinsights_sitenote_category":0,"_uf_show_specific_survey":0,"_uf_disable_surveys":false,"footnotes":""},"categories":[53,70,71],"tags":[],"class_list":["post-2496","post","type-post","status-publish","format-standard","has-post-thumbnail","hentry","category-blog","category-competencias-de-vida","category-stress"],"_links":{"self":[{"href":"https:\/\/www.e-cv.pt\/en\/wp-json\/wp\/v2\/posts\/2496","targetHints":{"allow":["GET"]}}],"collection":[{"href":"https:\/\/www.e-cv.pt\/en\/wp-json\/wp\/v2\/posts"}],"about":[{"href":"https:\/\/www.e-cv.pt\/en\/wp-json\/wp\/v2\/types\/post"}],"author":[{"embeddable":true,"href":"https:\/\/www.e-cv.pt\/en\/wp-json\/wp\/v2\/users\/2"}],"replies":[{"embeddable":true,"href":"https:\/\/www.e-cv.pt\/en\/wp-json\/wp\/v2\/comments?post=2496"}],"version-history":[{"count":1,"href":"https:\/\/www.e-cv.pt\/en\/wp-json\/wp\/v2\/posts\/2496\/revisions"}],"predecessor-version":[{"id":2498,"href":"https:\/\/www.e-cv.pt\/en\/wp-json\/wp\/v2\/posts\/2496\/revisions\/2498"}],"wp:featuredmedia":[{"embeddable":true,"href":"https:\/\/www.e-cv.pt\/en\/wp-json\/wp\/v2\/media\/2391"}],"wp:attachment":[{"href":"https:\/\/www.e-cv.pt\/en\/wp-json\/wp\/v2\/media?parent=2496"}],"wp:term":[{"taxonomy":"category","embeddable":true,"href":"https:\/\/www.e-cv.pt\/en\/wp-json\/wp\/v2\/categories?post=2496"},{"taxonomy":"post_tag","embeddable":true,"href":"https:\/\/www.e-cv.pt\/en\/wp-json\/wp\/v2\/tags?post=2496"}],"curies":[{"name":"wp","href":"https:\/\/api.w.org\/{rel}","templated":true}]}}