{"id":2599,"date":"2021-03-06T11:54:41","date_gmt":"2021-03-06T11:54:41","guid":{"rendered":"https:\/\/www.e-cv.pt\/?p=2599"},"modified":"2021-03-06T11:54:44","modified_gmt":"2021-03-06T11:54:44","slug":"ha-espaco-para-o-feedback-negativo-numa-lideranca-eficaz","status":"publish","type":"post","link":"https:\/\/www.e-cv.pt\/en\/2021\/03\/06\/ha-espaco-para-o-feedback-negativo-numa-lideranca-eficaz\/","title":{"rendered":"H\u00e1 espa\u00e7o para o feedback negativo numa lideran\u00e7a eficaz?"},"content":{"rendered":"<p>Uma lideran\u00e7a eficaz pressup\u00f5e o dom\u00ednio de <strong>diferentes estilos de lideran\u00e7a<\/strong>, de forma a potenciar a sua efic\u00e1cia junto dos membros da equipa, pressuposto em que assenta\u00a0<a href=\"https:\/\/www.e-cv.pt\/en\/lideranca\/\">o nosso Modelo de Efic\u00e1cia da Lideran\u00e7a<\/a>. Os estilos de lideran\u00e7a podem ser divididos em tr\u00eas tipos; os transformacionais, cuja primazia substancial deve ser assumida; os transacionais; e a tomada de decis\u00e3o.<\/p>\n\n\n\n<p>Apesar de n\u00e3o assumir a relev\u00e2ncia do dom\u00ednio transformacional, o dom\u00ednio transacional \u00e9 importante numa lideran\u00e7a eficaz. Neste dom\u00ednio, o l\u00edder exerce influ\u00eancia junto dos membros da equipa atrav\u00e9s de um sistema de trocas entre o que o l\u00edder deseja e o que a equipa d\u00e1. No Modelo de Efic\u00e1cia da Lideran\u00e7a incorporamos dois comportamentos deste dom\u00ednio com o intuito de ajudar o l\u00edder a potenciar a sua influ\u00eancia junto da equipa.Se o l\u00edder procura promover o esfor\u00e7o cont\u00ednuo da equipa, o\u00a0<strong>feedback positivo<\/strong> atrav\u00e9s do reconhecimento pelos bons resultados \u00e9 fundamental. No entanto, se o l\u00edder tem como objetivo modificar comportamentos inadequados, o\u00a0<strong>feedback negativo<\/strong> poder\u00e1 ser o caminho a seguir, de forma a controlar os comportamentos inadequados dos membros da equipa.<\/p>\n\n\n\n<figure class=\"wp-block-image\"><img loading=\"lazy\" decoding=\"async\" width=\"300\" height=\"200\" src=\"https:\/\/www.e-cv.pt\/wp-content\/uploads\/2021\/03\/pexels-kampus-production-5940841-300x200.jpg\" alt=\"\" class=\"wp-image-2601\" srcset=\"https:\/\/www.e-cv.pt\/wp-content\/uploads\/2021\/03\/pexels-kampus-production-5940841-300x200.jpg 300w, https:\/\/www.e-cv.pt\/wp-content\/uploads\/2021\/03\/pexels-kampus-production-5940841-768x512.jpg 768w, https:\/\/www.e-cv.pt\/wp-content\/uploads\/2021\/03\/pexels-kampus-production-5940841-1024x683.jpg 1024w, https:\/\/www.e-cv.pt\/wp-content\/uploads\/2021\/03\/pexels-kampus-production-5940841-600x400.jpg 600w, https:\/\/www.e-cv.pt\/wp-content\/uploads\/2021\/03\/pexels-kampus-production-5940841-272x182.jpg 272w\" sizes=\"auto, (max-width: 300px) 100vw, 300px\" \/><\/figure>\n\n\n\n<p>Ao utilizar o feedback positivo, o l\u00edder estimula o esfor\u00e7o cont\u00ednuo da equipa, premissa essencial para atingir os resultados e a miss\u00e3o estabelecidos. No entanto, durante este processo v\u00e3o surgir erros, e a equipa falhar\u00e1 eventualmente. Neste cen\u00e1rio, uma rea\u00e7\u00e3o comum \u00e9 o recurso ao feedback negativo, punindo os membros da equipa, mas este n\u00e3o \u00e9 o \u00fanico \u2013 ou mais interessante \u2013 comportamento a utilizar perante resultados menos positivos. Perante o insucesso, o l\u00edder pode utilizar a instru\u00e7\u00e3o corretiva se for necess\u00e1rio modificar as a\u00e7\u00f5es, ou a forma como as a\u00e7\u00f5es s\u00e3o implementadas pela equipa de forma a atingir os resultados, por exemplo.<\/p>\n\n\n\n<p>Um l\u00edder menos eficaz tender\u00e1 a utilizar, de forma err\u00f3nea e indiscriminada, o feedback negativo, desencadeando rea\u00e7\u00f5es negativas por parte da equipa. Por outro lado, neste dom\u00ednio transacional, um l\u00edder eficaz recorrer\u00e1 frequentemente ao feedback positivo, aumentado assim o potencial da sua a\u00e7\u00e3o junto dos membros da equipa, tanto ao n\u00edvel subjetivo (uni\u00e3o e satisfa\u00e7\u00e3o da equipa) como objetivo (performance e sucesso da equipa).<\/p>\n\n\n\n<p>No entanto, apesar do feedback negativo dever ser utilizado com muita modera\u00e7\u00e3o e parcim\u00f3nia, poder\u00e1 \u2013 se exercido no momento e nas condi\u00e7\u00f5es certas \u2013 contribuir para o aumento da efic\u00e1cia do l\u00edder. Isto implica que o l\u00edder e os membros da equipa tenham claro aquilo que \u00e9 pretendido e o que pode ocorrer se existirem desvios ao caminho tra\u00e7ado devido a in\u00e9rcia ou not\u00f3ria falta de cuidado e aten\u00e7\u00e3o por parte dos envolvidos.<\/p>\n\n\n\n<hr class=\"wp-block-separator\"\/>\n\n\n\n<p>Gostaram deste artigo? Gostariam de saber mais sobre a utiliza\u00e7\u00e3o destes comportamentos e como potenciar a efic\u00e1cia da lideran\u00e7a? N\u00e3o perca o nosso\u00a0<a href=\"https:\/\/www.e-cv.pt\/en\/ciclo-de-workshops-pro\u25cflider\/\">ciclo de Workshops Pro\u25cfLider<\/a>. Inscri\u00e7\u00f5es <a href=\"https:\/\/form.jotform.com\/210347964809060\" target=\"_blank\" rel=\"noreferrer noopener\" aria-label=\"aqui (abre num novo separador)\">here<\/a>!<\/p>\n\n\n\n<figure class=\"wp-block-image\"><img loading=\"lazy\" decoding=\"async\" width=\"1024\" height=\"536\" src=\"https:\/\/www.e-cv.pt\/wp-content\/uploads\/2021\/02\/Workshops_Pro_Lider_Ed2-1024x536.png\" alt=\"\" class=\"wp-image-2563\" srcset=\"https:\/\/www.e-cv.pt\/wp-content\/uploads\/2021\/02\/Workshops_Pro_Lider_Ed2-1024x536.png 1024w, https:\/\/www.e-cv.pt\/wp-content\/uploads\/2021\/02\/Workshops_Pro_Lider_Ed2-300x157.png 300w, https:\/\/www.e-cv.pt\/wp-content\/uploads\/2021\/02\/Workshops_Pro_Lider_Ed2-768x402.png 768w, https:\/\/www.e-cv.pt\/wp-content\/uploads\/2021\/02\/Workshops_Pro_Lider_Ed2-600x314.png 600w, https:\/\/www.e-cv.pt\/wp-content\/uploads\/2021\/02\/Workshops_Pro_Lider_Ed2.png 1212w\" sizes=\"auto, (max-width: 1024px) 100vw, 1024px\" \/><\/figure>\n\n\n\n<hr class=\"wp-block-separator\"\/>\n\n\n\n<div class=\"wp-block-image\"><figure class=\"alignleft\"><img decoding=\"async\" src=\"https:\/\/www.e-cv.pt\/wp-content\/uploads\/2019\/06\/aderitoseixas-150x150.png\" alt=\"\" class=\"wp-image-689\"\/><figcaption>Autoria<br>Ad\u00e9rito Seixas<\/figcaption><\/figure><\/div>","protected":false},"excerpt":{"rendered":"<p>Uma lideran\u00e7a eficaz pressup\u00f5e o dom\u00ednio de diferentes estilos de lideran\u00e7a, de forma a potenciar a sua efic\u00e1cia junto dos [&hellip;]<\/p>","protected":false},"author":2,"featured_media":2600,"comment_status":"open","ping_status":"open","sticky":false,"template":"","format":"standard","meta":{"_monsterinsights_skip_tracking":false,"_monsterinsights_sitenote_active":false,"_monsterinsights_sitenote_note":"","_monsterinsights_sitenote_category":0,"_uf_show_specific_survey":0,"_uf_disable_surveys":false,"footnotes":""},"categories":[53,70,31,32,54,33],"tags":[],"class_list":["post-2599","post","type-post","status-publish","format-standard","has-post-thumbnail","hentry","category-blog","category-competencias-de-vida","category-ecv","category-lideranca","category-modelo-lideranca","category-workshops"],"_links":{"self":[{"href":"https:\/\/www.e-cv.pt\/en\/wp-json\/wp\/v2\/posts\/2599","targetHints":{"allow":["GET"]}}],"collection":[{"href":"https:\/\/www.e-cv.pt\/en\/wp-json\/wp\/v2\/posts"}],"about":[{"href":"https:\/\/www.e-cv.pt\/en\/wp-json\/wp\/v2\/types\/post"}],"author":[{"embeddable":true,"href":"https:\/\/www.e-cv.pt\/en\/wp-json\/wp\/v2\/users\/2"}],"replies":[{"embeddable":true,"href":"https:\/\/www.e-cv.pt\/en\/wp-json\/wp\/v2\/comments?post=2599"}],"version-history":[{"count":1,"href":"https:\/\/www.e-cv.pt\/en\/wp-json\/wp\/v2\/posts\/2599\/revisions"}],"predecessor-version":[{"id":2602,"href":"https:\/\/www.e-cv.pt\/en\/wp-json\/wp\/v2\/posts\/2599\/revisions\/2602"}],"wp:featuredmedia":[{"embeddable":true,"href":"https:\/\/www.e-cv.pt\/en\/wp-json\/wp\/v2\/media\/2600"}],"wp:attachment":[{"href":"https:\/\/www.e-cv.pt\/en\/wp-json\/wp\/v2\/media?parent=2599"}],"wp:term":[{"taxonomy":"category","embeddable":true,"href":"https:\/\/www.e-cv.pt\/en\/wp-json\/wp\/v2\/categories?post=2599"},{"taxonomy":"post_tag","embeddable":true,"href":"https:\/\/www.e-cv.pt\/en\/wp-json\/wp\/v2\/tags?post=2599"}],"curies":[{"name":"wp","href":"https:\/\/api.w.org\/{rel}","templated":true}]}}