{"id":2974,"date":"2022-09-26T07:44:33","date_gmt":"2022-09-26T07:44:33","guid":{"rendered":"https:\/\/www.e-cv.pt\/?p=2974"},"modified":"2022-09-26T07:44:35","modified_gmt":"2022-09-26T07:44:35","slug":"uma-boa-lideranca","status":"publish","type":"post","link":"https:\/\/www.e-cv.pt\/en\/2022\/09\/26\/uma-boa-lideranca\/","title":{"rendered":"A GOOD leadership..."},"content":{"rendered":"<p>Uma das quest\u00f5es que mais interesse desperta em torno do tema da lideran\u00e7a \u00e9 o que caracteriza um bom exerc\u00edcio desta atividade, por parte de pessoas com fun\u00e7\u00f5es de gest\u00e3o nos mais variados contextos. A resposta n\u00e3o \u00e9 totalmente evidente e clara, principalmente pelo facto de envolver um conjunto alargado de fatores que est\u00e3o envolvidos num bom exerc\u00edcio da lideran\u00e7a. De um modo geral, estes fatores distribuem-se por tr\u00eas dom\u00ednios: a pessoa do <strong>l\u00edder<\/strong> e o modo como \u00e9 exercida, na pr\u00e1tica, a lideran\u00e7a; as pessoas que est\u00e3o sob a a\u00e7\u00e3o direta do l\u00edder (<strong>colaboradores<\/strong>, funcion\u00e1rios, membros de equipas, etc.) e o <strong>contexto<\/strong> onde o fen\u00f3meno da lideran\u00e7a ocorre. Dito de forma simples, uma boa lideran\u00e7a depende da figura do l\u00edder, dos colaboradores e do contexto em causa.<\/p>\n\n\n\n<p>Neste sentido, ser l\u00edder implica sentir uma voca\u00e7\u00e3o pessoal para o exerc\u00edcio da lideran\u00e7a e usar essa voca\u00e7\u00e3o de um modo positivo ao servi\u00e7o dos outros. Por outro lado, implica escolher e prestar aten\u00e7\u00e3o ao modo como os colaboradores funcionam e de que modo se sentem competentes e capazes de executar as tarefas propostas. E, n\u00e3o menos importante, implica considerar as circunst\u00e2ncias onde a lideran\u00e7a ocorre, em termos de condi\u00e7\u00f5es existentes para o exerc\u00edcio da lideran\u00e7a e a eventual presen\u00e7a de constrangimentos externos que podem condicionar a a\u00e7\u00e3o de lideran\u00e7a.<\/p>\n\n\n\n<p>O dom\u00ednio destes tr\u00eas fatores \u00e9 fundamental para maximizar a efic\u00e1cia da lideran\u00e7a e, assim, contribuir para uma boa lideran\u00e7a. Vejamos alguns exemplos sobre como maximizar a possibilidade destes tr\u00eas fatores funcionarem a favor de uma boa lideran\u00e7a:<\/p>\n\n\n\n<figure class=\"wp-block-image\"><img loading=\"lazy\" decoding=\"async\" width=\"251\" height=\"300\" src=\"https:\/\/www.e-cv.pt\/wp-content\/uploads\/2022\/09\/achievement-g1a65cc6be_1280-251x300.png\" alt=\"\" class=\"wp-image-2975\" srcset=\"https:\/\/www.e-cv.pt\/wp-content\/uploads\/2022\/09\/achievement-g1a65cc6be_1280-251x300.png 251w, https:\/\/www.e-cv.pt\/wp-content\/uploads\/2022\/09\/achievement-g1a65cc6be_1280-768x917.png 768w, https:\/\/www.e-cv.pt\/wp-content\/uploads\/2022\/09\/achievement-g1a65cc6be_1280-858x1024.png 858w, https:\/\/www.e-cv.pt\/wp-content\/uploads\/2022\/09\/achievement-g1a65cc6be_1280-600x716.png 600w, https:\/\/www.e-cv.pt\/wp-content\/uploads\/2022\/09\/achievement-g1a65cc6be_1280.png 1072w\" sizes=\"auto, (max-width: 251px) 100vw, 251px\" \/><\/figure>\n\n\n\n<p>1.&nbsp;<strong>Fatores relacionados com o l\u00edder<\/strong>. importa que o l\u00edder analise at\u00e9 que ponto se sente vocacionado para o exerc\u00edcio da lideran\u00e7a e se sente tecnicamente e emocionalmente preparado para as responsabilidades inerentes \u00e0 fun\u00e7\u00e3o de lideran\u00e7a. Liderar \u00e9, acima de tudo, um exerc\u00edcio de voca\u00e7\u00e3o pessoal em prol de uma miss\u00e3o positiva e ben\u00e9fica para todos os envolvidos! Saber isto e comportar-se em conformidade \u00e9 essencial para um bom exerc\u00edcio da lideran\u00e7a.<\/p>\n\n\n\n<p>2.&nbsp;<strong>Fatores relacionados com os colaboradores.<\/strong>&nbsp;Importa que o l\u00edder pense sobre o tipo de pessoas a quem se dirige a sua lideran\u00e7a, analisando as caracter\u00edsticas pessoais e de personalidade de cada uma delas, bem como as capacidades que possuem para executar as responsabilidades e tarefas em causa. Liderar implica adaptar a a\u00e7\u00e3o do l\u00edder em fun\u00e7\u00e3o das pessoas em causa, procurando-se estimular o melhor das suas compet\u00eancias em prol da miss\u00e3o em causa. Sempre que poss\u00edvel, \u00e9 tamb\u00e9m importante que o l\u00edder escolha as pessoas que melhor se adequem aos objetivos a alcan\u00e7ar e \u00e0s exig\u00eancias que podem surgir durante o processo de lideran\u00e7a.<\/p>\n\n\n\n<p>3.&nbsp;<strong>Fatores relacionados com a situa\u00e7\u00e3o\/contexto.<\/strong>&nbsp;Importa que o l\u00edder considere as condi\u00e7\u00f5es materiais, log\u00edsticas e financeiras que possui para executar com sucesso a sua atividade, analisando at\u00e9 que ponto as condi\u00e7\u00f5es de trabalho funcionam a seu favor ou podem debilitar o alcance da miss\u00e3o estabelecida. Liderar implica ajustar a estrat\u00e9gia a seguir em fun\u00e7\u00e3o dos condicionalismos em causa, n\u00e3o permitindo que a a\u00e7\u00e3o de lideran\u00e7a falhe por fatores externos ao pr\u00f3prio grupo de trabalho.<\/p>\n\n\n\n<p>Um bom dom\u00ednio destes tr\u00eas fatores n\u00e3o garante que tudo vai correr bem no exerc\u00edcio da lideran\u00e7a, mas maximiza a possibilidade de sucesso da lideran\u00e7a e, consequentemente, aumenta o potencial de uma boa lideran\u00e7a!<\/p>\n\n\n\n<p>Se pretende saber mais sobre como promover a sua capacidade de lideran\u00e7a, frequente as nossas a\u00e7\u00f5es de treino de lideran\u00e7a dispon\u00edveis no <a rel=\"noreferrer noopener\" aria-label=\"Pro\u25cfL\u00edder (abre num novo separador)\" href=\"https:\/\/www.e-cv.pt\/en\/lideranca\/\" target=\"_blank\">Pro\u25cfL\u00edder<\/a>.<\/p>\n\n\n\n<hr class=\"wp-block-separator\"\/>\n\n\n\n<div class=\"wp-block-image\"><figure class=\"alignleft\"><img loading=\"lazy\" decoding=\"async\" width=\"150\" height=\"150\" src=\"https:\/\/www.e-cv.pt\/wp-content\/uploads\/2019\/07\/RG-2017-2-e1562424389135-150x150.jpg\" alt=\"\" class=\"wp-image-1094\"\/><figcaption>Autoria<br>Rui Gomes<\/figcaption><\/figure><\/div>","protected":false},"excerpt":{"rendered":"<p>Uma das quest\u00f5es que mais interesse desperta em torno do tema da lideran\u00e7a \u00e9 o que caracteriza um bom exerc\u00edcio [&hellip;]<\/p>","protected":false},"author":2,"featured_media":2203,"comment_status":"open","ping_status":"open","sticky":false,"template":"","format":"standard","meta":{"_monsterinsights_skip_tracking":false,"_monsterinsights_sitenote_active":false,"_monsterinsights_sitenote_note":"","_monsterinsights_sitenote_category":0,"_uf_show_specific_survey":0,"_uf_disable_surveys":false,"footnotes":""},"categories":[53,70,31,32],"tags":[],"class_list":["post-2974","post","type-post","status-publish","format-standard","has-post-thumbnail","hentry","category-blog","category-competencias-de-vida","category-ecv","category-lideranca"],"_links":{"self":[{"href":"https:\/\/www.e-cv.pt\/en\/wp-json\/wp\/v2\/posts\/2974","targetHints":{"allow":["GET"]}}],"collection":[{"href":"https:\/\/www.e-cv.pt\/en\/wp-json\/wp\/v2\/posts"}],"about":[{"href":"https:\/\/www.e-cv.pt\/en\/wp-json\/wp\/v2\/types\/post"}],"author":[{"embeddable":true,"href":"https:\/\/www.e-cv.pt\/en\/wp-json\/wp\/v2\/users\/2"}],"replies":[{"embeddable":true,"href":"https:\/\/www.e-cv.pt\/en\/wp-json\/wp\/v2\/comments?post=2974"}],"version-history":[{"count":1,"href":"https:\/\/www.e-cv.pt\/en\/wp-json\/wp\/v2\/posts\/2974\/revisions"}],"predecessor-version":[{"id":2976,"href":"https:\/\/www.e-cv.pt\/en\/wp-json\/wp\/v2\/posts\/2974\/revisions\/2976"}],"wp:featuredmedia":[{"embeddable":true,"href":"https:\/\/www.e-cv.pt\/en\/wp-json\/wp\/v2\/media\/2203"}],"wp:attachment":[{"href":"https:\/\/www.e-cv.pt\/en\/wp-json\/wp\/v2\/media?parent=2974"}],"wp:term":[{"taxonomy":"category","embeddable":true,"href":"https:\/\/www.e-cv.pt\/en\/wp-json\/wp\/v2\/categories?post=2974"},{"taxonomy":"post_tag","embeddable":true,"href":"https:\/\/www.e-cv.pt\/en\/wp-json\/wp\/v2\/tags?post=2974"}],"curies":[{"name":"wp","href":"https:\/\/api.w.org\/{rel}","templated":true}]}}